{"id":11003,"date":"2025-08-20T22:20:02","date_gmt":"2025-08-20T20:20:02","guid":{"rendered":"https:\/\/radioitaliauno.it\/?p=11003"},"modified":"2025-08-20T22:20:02","modified_gmt":"2025-08-20T20:20:02","slug":"tajani-inaccettabili-i-nuovi-insediamenti-israeliani-in-cisgiordania-2","status":"publish","type":"post","link":"https:\/\/radioitaliauno.it\/?p=11003","title":{"rendered":"Tajani \u201cInaccettabili i nuovi insediamenti israeliani in Cisgiordania\u201d"},"content":{"rendered":"<p><img fetchpriority=\"high\" decoding=\"async\" width=\"1200\" height=\"800\" src=\"https:\/\/www.italpress.com\/wp-content\/uploads\/2025\/08\/20250820_1746.jpg\" class=\"webfeedsFeaturedVisual wp-post-image\" alt=\"Tajani \u201cInaccettabili i nuovi insediamenti israeliani in Cisgiordania\u201d\" title=\"Tajani \u201cInaccettabili i nuovi insediamenti israeliani in Cisgiordania\u201d\" srcset=\"https:\/\/www.italpress.com\/wp-content\/uploads\/2025\/08\/20250820_1746.jpg 1200w, https:\/\/www.italpress.com\/wp-content\/uploads\/2025\/08\/20250820_1746-300x200.jpg 300w, https:\/\/www.italpress.com\/wp-content\/uploads\/2025\/08\/20250820_1746-1024x683.jpg 1024w, https:\/\/www.italpress.com\/wp-content\/uploads\/2025\/08\/20250820_1746-768x512.jpg 768w, https:\/\/www.italpress.com\/wp-content\/uploads\/2025\/08\/20250820_1746-696x464.jpg 696w, https:\/\/www.italpress.com\/wp-content\/uploads\/2025\/08\/20250820_1746-1068x712.jpg 1068w, https:\/\/www.italpress.com\/wp-content\/uploads\/2025\/08\/20250820_1746-630x420.jpg 630w\" sizes=\"(max-width: 1200px) 100vw, 1200px\"><\/p>\n<p>ROMA (ITALPRESS) \u2013 \u201c<em>Insieme ai partner europei esortiamo il Governo israeliano a collaborare con l\u2019Autorit\u00e0 Nazionale Palestinese per rafforzare insieme la stabilit\u00e0 di tutta la regione. <strong>La decisione israeliana di procedere con nuovi insediamenti in Cisgiordania \u00e8 inaccettabile<\/strong>, contraria al diritto internazionale e rischia infatti di compromettere definitivamente la soluzione a due Stati, obiettivo per il quale il Governo italiano sta continuando a lavorare con convinzione e il massimo impegno\u201d<\/em>. Lo scrive su X il vicepremier e ministro degli Esteri, Antonio <strong>Tajani.<\/strong><\/p>\n<p>\u2013 foto Ipa Agency \u2013<\/p>\n<p>(ITALPRESS).<\/p>\n","protected":false},"excerpt":{"rendered":"<p>ROMA (ITALPRESS) \u2013 \u201cInsieme ai partner europei esortiamo il Governo israeliano a collaborare con l\u2019Autorit\u00e0 Nazionale Palestinese per rafforzare insieme la stabilit\u00e0 di tutta la regione. La decisione israeliana di procedere con nuovi insediamenti in Cisgiordania \u00e8 inaccettabile, contraria al diritto internazionale e rischia infatti di compromettere definitivamente la soluzione ...<\/p>\n","protected":false},"author":1,"featured_media":11000,"comment_status":"open","ping_status":"open","sticky":false,"template":"","format":"standard","meta":{"footnotes":""},"categories":[572],"tags":[],"class_list":["post-11003","post","type-post","status-publish","format-standard","has-post-thumbnail","hentry","category-news"],"_links":{"self":[{"href":"https:\/\/radioitaliauno.it\/index.php?rest_route=\/wp\/v2\/posts\/11003","targetHints":{"allow":["GET"]}}],"collection":[{"href":"https:\/\/radioitaliauno.it\/index.php?rest_route=\/wp\/v2\/posts"}],"about":[{"href":"https:\/\/radioitaliauno.it\/index.php?rest_route=\/wp\/v2\/types\/post"}],"author":[{"embeddable":true,"href":"https:\/\/radioitaliauno.it\/index.php?rest_route=\/wp\/v2\/users\/1"}],"replies":[{"embeddable":true,"href":"https:\/\/radioitaliauno.it\/index.php?rest_route=%2Fwp%2Fv2%2Fcomments&post=11003"}],"version-history":[{"count":0,"href":"https:\/\/radioitaliauno.it\/index.php?rest_route=\/wp\/v2\/posts\/11003\/revisions"}],"wp:featuredmedia":[{"embeddable":true,"href":"https:\/\/radioitaliauno.it\/index.php?rest_route=\/wp\/v2\/media\/11000"}],"wp:attachment":[{"href":"https:\/\/radioitaliauno.it\/index.php?rest_route=%2Fwp%2Fv2%2Fmedia&parent=11003"}],"wp:term":[{"taxonomy":"category","embeddable":true,"href":"https:\/\/radioitaliauno.it\/index.php?rest_route=%2Fwp%2Fv2%2Fcategories&post=11003"},{"taxonomy":"post_tag","embeddable":true,"href":"https:\/\/radioitaliauno.it\/index.php?rest_route=%2Fwp%2Fv2%2Ftags&post=11003"}],"curies":[{"name":"wp","href":"https:\/\/api.w.org\/{rel}","templated":true}]}}