{"id":11080,"date":"2025-08-23T22:05:02","date_gmt":"2025-08-23T20:05:02","guid":{"rendered":"https:\/\/radioitaliauno.it\/?p=11080"},"modified":"2025-08-23T22:05:02","modified_gmt":"2025-08-23T20:05:02","slug":"tank-israeliani-a-gaza-smotrich-chi-non-va-via-muoia-o-si-arrenda","status":"publish","type":"post","link":"https:\/\/radioitaliauno.it\/?p=11080","title":{"rendered":"Tank israeliani a Gaza, Smotrich \u201cChi non va via muoia o si arrenda\u201d"},"content":{"rendered":"<p><img fetchpriority=\"high\" decoding=\"async\" width=\"1024\" height=\"683\" src=\"https:\/\/www.italpress.com\/wp-content\/uploads\/2025\/08\/20250823_1478.jpg\" class=\"webfeedsFeaturedVisual wp-post-image\" alt=\"Tank israeliani a Gaza, Smotrich \u201cChi non va via muoia o si arrenda\u201d\" title=\"Tank israeliani a Gaza, Smotrich \u201cChi non va via muoia o si arrenda\u201d\" srcset=\"https:\/\/www.italpress.com\/wp-content\/uploads\/2025\/08\/20250823_1478.jpg 1024w, https:\/\/www.italpress.com\/wp-content\/uploads\/2025\/08\/20250823_1478-300x200.jpg 300w, https:\/\/www.italpress.com\/wp-content\/uploads\/2025\/08\/20250823_1478-768x512.jpg 768w, https:\/\/www.italpress.com\/wp-content\/uploads\/2025\/08\/20250823_1478-696x464.jpg 696w, https:\/\/www.italpress.com\/wp-content\/uploads\/2025\/08\/20250823_1478-630x420.jpg 630w\" sizes=\"(max-width: 1024px) 100vw, 1024px\"><\/p>\n<p>TEL AVIV (ISRAELE) (ITALPRESS) -\u201cVi abbiamo ordinato di effettuare un\u2019operazione rapida. Potete assediarli. Chi non evacua, non lasciatelo fare. Senza acqua, senza elettricit\u00e0, pu\u00f2 morire di fame o arrendersi. Questo \u00e8 ci\u00f2 che vogliamo e voi siete in grado di farlo\u201d: \u00e8 quanto avrebbe detto, come riporta il notiziario Channel 12, il ministro delle Finanze israeliano Bezalel Smotrich al capo di Stato maggiore israeliano, Eyal Zamir nel corso di un incontro. Il tutto mentre continua l\u2019avanzata dei tank israeliani a Gaza City: i carri armati sarebbero entrati nel quartiere di Sabra, vicino al quartiere di Zeitoun, dove l\u2019esercito opera da oltre una settimana, come riferisce \u201cThe Times of Israel\u201d. Le IDF hanno dichiarato di operare alla periferia di Gaza City in vista di una grande offensiva che vedrebbe l\u2019esercito conquistare l\u2019intera citt\u00e0. <br \/>Intanto, il leader del partito Blu e Bianco-Unit\u00e0 Nazionale Benny Gantz ha chiesto al premier israeliano Benjamin Netanyahu, al leader dell\u2019opposizione Yair Lapid e al presidente di Yisrael Betyenu Avigdor Liberman di formare un governo temporaneo per la \u201cliberazione degli ostaggi\u201d. <\/p>\n<p>\u2013 foto Ipa Agency \u2013<br \/>(ITALPRESS).<\/p>\n","protected":false},"excerpt":{"rendered":"<p>TEL AVIV (ISRAELE) (ITALPRESS) -\u201cVi abbiamo ordinato di effettuare un\u2019operazione rapida. Potete assediarli. Chi non evacua, non lasciatelo fare. Senza acqua, senza elettricit\u00e0, pu\u00f2 morire di fame o arrendersi. Questo \u00e8 ci\u00f2 che vogliamo e voi siete in grado di farlo\u201d: \u00e8 quanto avrebbe detto, come riporta il notiziario Channel ...<\/p>\n","protected":false},"author":1,"featured_media":11081,"comment_status":"open","ping_status":"open","sticky":false,"template":"","format":"standard","meta":{"footnotes":""},"categories":[572],"tags":[],"class_list":["post-11080","post","type-post","status-publish","format-standard","has-post-thumbnail","hentry","category-news"],"_links":{"self":[{"href":"https:\/\/radioitaliauno.it\/index.php?rest_route=\/wp\/v2\/posts\/11080","targetHints":{"allow":["GET"]}}],"collection":[{"href":"https:\/\/radioitaliauno.it\/index.php?rest_route=\/wp\/v2\/posts"}],"about":[{"href":"https:\/\/radioitaliauno.it\/index.php?rest_route=\/wp\/v2\/types\/post"}],"author":[{"embeddable":true,"href":"https:\/\/radioitaliauno.it\/index.php?rest_route=\/wp\/v2\/users\/1"}],"replies":[{"embeddable":true,"href":"https:\/\/radioitaliauno.it\/index.php?rest_route=%2Fwp%2Fv2%2Fcomments&post=11080"}],"version-history":[{"count":0,"href":"https:\/\/radioitaliauno.it\/index.php?rest_route=\/wp\/v2\/posts\/11080\/revisions"}],"wp:featuredmedia":[{"embeddable":true,"href":"https:\/\/radioitaliauno.it\/index.php?rest_route=\/wp\/v2\/media\/11081"}],"wp:attachment":[{"href":"https:\/\/radioitaliauno.it\/index.php?rest_route=%2Fwp%2Fv2%2Fmedia&parent=11080"}],"wp:term":[{"taxonomy":"category","embeddable":true,"href":"https:\/\/radioitaliauno.it\/index.php?rest_route=%2Fwp%2Fv2%2Fcategories&post=11080"},{"taxonomy":"post_tag","embeddable":true,"href":"https:\/\/radioitaliauno.it\/index.php?rest_route=%2Fwp%2Fv2%2Ftags&post=11080"}],"curies":[{"name":"wp","href":"https:\/\/api.w.org\/{rel}","templated":true}]}}