{"id":11096,"date":"2025-08-25T20:35:02","date_gmt":"2025-08-25T18:35:02","guid":{"rendered":"https:\/\/radioitaliauno.it\/?p=11096"},"modified":"2025-08-25T20:35:02","modified_gmt":"2025-08-25T18:35:02","slug":"si-apre-con-un-pari-il-campionato-di-udinese-e-verona","status":"publish","type":"post","link":"https:\/\/radioitaliauno.it\/?p=11096","title":{"rendered":"Si apre con un pari il campionato di Udinese e Verona"},"content":{"rendered":"<p><img fetchpriority=\"high\" decoding=\"async\" width=\"1200\" height=\"800\" src=\"https:\/\/www.italpress.com\/wp-content\/uploads\/2025\/08\/20250825_1752.jpg\" class=\"webfeedsFeaturedVisual wp-post-image\" alt=\"Si apre con un pari il campionato di Udinese e Verona\" title=\"Si apre con un pari il campionato di Udinese e Verona\" srcset=\"https:\/\/www.italpress.com\/wp-content\/uploads\/2025\/08\/20250825_1752.jpg 1200w, https:\/\/www.italpress.com\/wp-content\/uploads\/2025\/08\/20250825_1752-300x200.jpg 300w, https:\/\/www.italpress.com\/wp-content\/uploads\/2025\/08\/20250825_1752-1024x683.jpg 1024w, https:\/\/www.italpress.com\/wp-content\/uploads\/2025\/08\/20250825_1752-768x512.jpg 768w, https:\/\/www.italpress.com\/wp-content\/uploads\/2025\/08\/20250825_1752-696x464.jpg 696w, https:\/\/www.italpress.com\/wp-content\/uploads\/2025\/08\/20250825_1752-1068x712.jpg 1068w, https:\/\/www.italpress.com\/wp-content\/uploads\/2025\/08\/20250825_1752-630x420.jpg 630w\" sizes=\"(max-width: 1200px) 100vw, 1200px\"><\/p>\n<p>UDINE (ITALPRESS) \u2013 L\u2019Udinese sbatte sul muro dell\u2019Hellas Verona. La squadra di Kosta Runjaic non va oltre un pareggio per 1-1 nella sfida contro gli scaligeri, valevole per la prima giornata di campionato: al vantaggio di Kristensen risponde Serdar. Gli uomini allenati da mister Paolo Zanetti si rendono protagonisti di un buon avvio di partita, con Frese e Fallou che si dimostrano tra i pi\u00f9 attivi. I bianconeri, dopo una prima fase complicata, iniziano a cambiare marcia e al 23\u2032 si ritagliano un\u2019interessante occasione da rete: Davis approfitta di un errore di Frese e mette in mezzo per Zemura che per\u00f2, da buona posizione, calcia alto sopra la traversa. L\u2019Udinese continua a crescere con il passare dei minuti, cos\u00ec gli scaligeri sono costretti a rintanarsi nella propria met\u00e0 campo per respingere le offensive degli avversari. Nel finale di primo tempo, per\u00f2, \u00e8 proprio l\u2019Hellas a rendersi pericoloso con una conclusione di Giovane, che viene disinnescata in tuffo da Sava. Le due squadre vanno a riposo sul parziale di 0-0. In apertura di ripresa la squadra giallobl\u00f9 va molto vicina al gol dell\u20191-0 in due occasioni con Giovane, che prima viene arginato da Sava e poi dalla traversa. Neanche il tempo di metabolizzare la delusione per gli scaligeri, che i friulani si portano in vantaggio al 53\u2032 con Thomas Kristensen: sugli sviluppi di un corner calciato da Lovric, il difensore trova l\u2019incornata vincente. Il Verona, forte anche dei cambi effettuati da Zanetti, torna subito a spingere e, dopo una conclusione di Sarr respinta dalla difesa avversaria, agguanta il pareggio al 73\u2032. Anche in questo caso l\u2019azione si sviluppa su un calcio d\u2019angolo spizzato da Giovane, che favorisce l\u2019inserimento di Suat Serdar, abile nell\u2019anticipare Ehizibue e depositare la sfera in fondo al sacco per l\u20191-1. All\u201984\u2019 la squadra di Runjaic fallisce un\u2019ottima occasione per tornare in vantaggio con Kamara che, liberato dal tacco di Bayo, colpisce una clamorosa traversa. Nel finale Udinese e Hellas Verona sembrano accontentarsi di un pareggio, cos\u00ec cominciano la loro stagione con un punto per parte. <br \/>\u2013 foto Ipa Agency \u2013<br \/>(ITALPRESS).<\/p>\n","protected":false},"excerpt":{"rendered":"<p>UDINE (ITALPRESS) \u2013 L\u2019Udinese sbatte sul muro dell\u2019Hellas Verona. La squadra di Kosta Runjaic non va oltre un pareggio per 1-1 nella sfida contro gli scaligeri, valevole per la prima giornata di campionato: al vantaggio di Kristensen risponde Serdar. Gli uomini allenati da mister Paolo Zanetti si rendono protagonisti di ...<\/p>\n","protected":false},"author":1,"featured_media":11097,"comment_status":"open","ping_status":"open","sticky":false,"template":"","format":"standard","meta":{"footnotes":""},"categories":[572],"tags":[],"class_list":["post-11096","post","type-post","status-publish","format-standard","has-post-thumbnail","hentry","category-news"],"_links":{"self":[{"href":"https:\/\/radioitaliauno.it\/index.php?rest_route=\/wp\/v2\/posts\/11096","targetHints":{"allow":["GET"]}}],"collection":[{"href":"https:\/\/radioitaliauno.it\/index.php?rest_route=\/wp\/v2\/posts"}],"about":[{"href":"https:\/\/radioitaliauno.it\/index.php?rest_route=\/wp\/v2\/types\/post"}],"author":[{"embeddable":true,"href":"https:\/\/radioitaliauno.it\/index.php?rest_route=\/wp\/v2\/users\/1"}],"replies":[{"embeddable":true,"href":"https:\/\/radioitaliauno.it\/index.php?rest_route=%2Fwp%2Fv2%2Fcomments&post=11096"}],"version-history":[{"count":0,"href":"https:\/\/radioitaliauno.it\/index.php?rest_route=\/wp\/v2\/posts\/11096\/revisions"}],"wp:featuredmedia":[{"embeddable":true,"href":"https:\/\/radioitaliauno.it\/index.php?rest_route=\/wp\/v2\/media\/11097"}],"wp:attachment":[{"href":"https:\/\/radioitaliauno.it\/index.php?rest_route=%2Fwp%2Fv2%2Fmedia&parent=11096"}],"wp:term":[{"taxonomy":"category","embeddable":true,"href":"https:\/\/radioitaliauno.it\/index.php?rest_route=%2Fwp%2Fv2%2Fcategories&post=11096"},{"taxonomy":"post_tag","embeddable":true,"href":"https:\/\/radioitaliauno.it\/index.php?rest_route=%2Fwp%2Fv2%2Ftags&post=11096"}],"curies":[{"name":"wp","href":"https:\/\/api.w.org\/{rel}","templated":true}]}}