{"id":11109,"date":"2025-08-26T19:29:02","date_gmt":"2025-08-26T17:29:02","guid":{"rendered":"https:\/\/radioitaliauno.it\/?p=11109"},"modified":"2025-08-26T19:29:02","modified_gmt":"2025-08-26T17:29:02","slug":"fitto-nessuna-proroga-del-pnrr-litalia-su-una-strada-positiva","status":"publish","type":"post","link":"https:\/\/radioitaliauno.it\/?p=11109","title":{"rendered":"Fitto \u201cNessuna proroga del Pnrr, l\u2019Italia su una strada positiva\u201d"},"content":{"rendered":"<p><img fetchpriority=\"high\" decoding=\"async\" width=\"900\" height=\"599\" src=\"https:\/\/www.italpress.com\/wp-content\/uploads\/2025\/08\/20250826_1713.jpg\" class=\"webfeedsFeaturedVisual wp-post-image\" alt=\"Fitto \u201cNessuna proroga del Pnrr, l\u2019Italia su una strada positiva\u201d\" title=\"Fitto \u201cNessuna proroga del Pnrr, l\u2019Italia su una strada positiva\u201d\" srcset=\"https:\/\/www.italpress.com\/wp-content\/uploads\/2025\/08\/20250826_1713.jpg 900w, https:\/\/www.italpress.com\/wp-content\/uploads\/2025\/08\/20250826_1713-300x200.jpg 300w, https:\/\/www.italpress.com\/wp-content\/uploads\/2025\/08\/20250826_1713-768x511.jpg 768w, https:\/\/www.italpress.com\/wp-content\/uploads\/2025\/08\/20250826_1713-696x463.jpg 696w, https:\/\/www.italpress.com\/wp-content\/uploads\/2025\/08\/20250826_1713-631x420.jpg 631w\" sizes=\"(max-width: 900px) 100vw, 900px\"><\/p>\n<p>RIMINI (ITALPRESS) \u2013 <em>\u201cNon si tratta di una proroga del Pnrr, che non \u00e8 possibile. La scadenza \u00e8 quella nota ed \u00e8 agosto del 2026. Quello che \u00e8 possibile, e che il ministro Foti ha citato, sono gli strumenti finanziari che sono gi\u00e0 previsti all\u2019interno dei Piani nazionali di ripresa e resilienza in tutti i Paesi europei e che non hanno la l\u2019obbligo di individuare e completare la spesa entro agosto del 2026, ma di individuare il beneficiario finale prima di quella data. Successivamente possono essere utilizzate queste risorse\u201d<\/em>. Cos\u00ec il vicepresidente esecutivo della <strong>Commissione Europea<\/strong> con delega alla Coesione e alle Riforme, Raffaele <strong>Fitto,<\/strong> a margine del Meeting di Rimini.<em> \u201cMi sembra di poter esprimere un giudizio positivo<\/em> \u2013 osserva -.<em> L\u2019Italia sta proseguendo su una strada positiva, con dei risultati che sono sotto gli occhi di tutti e che sicuramente contribuiranno in modo notevole anche alla crescita economica; inoltre, sta incidendo in modo positivo su una serie di riforme e investimenti messi in campo. L\u2019Italia ha raggiunto il risultato della settima rata, per quanto riguarda l\u2019ottava rata \u00e8 stata presentata la richiesta di pagamento, la Commissione ha presentato una comunicazione indicando le linee guida per la revisione finale per i Piani. Nelle prossime settimane ci aspettiamo delle proposte concrete che possano modificare ulteriormente i Piani \u2013 <\/em>aggiunge \u2013<em> perch\u00e8 lo strumento della flessibilit\u00e0, anche in questo caso, \u00e8 fondamentale\u201d<\/em>.<\/p>\n<p>Sui dazi,<em> \u201cil 15% sarebbe meglio se non ci fosse ma, se lo confrontiamo con altri Paesi, l\u2019Europa ha avuto un accordo migliore. Si deve continuare a lavorare su questa direzione. L\u2019accordo che la Commissione ha fatto \u00e8 serio, non facile, ma il migliore possibile alle condizioni date\u201d<\/em>, sottolinea Fitto. L\u2019idea di un fondo sovrano europeo per intervenire nelle aziende, invece, <em>\u201c\u00e8 un tema che riguarda un chiaro coinvolgimento per gli Stati membri, quindi non entro in questo ambito perch\u00e8 non \u00e8 una competenza diretta e, a livello europeo, si lavorer\u00e0 sul rafforzamento del sistema imprenditoriale europeo. Lo abbiamo fatto e lo stiamo facendo con diversi interventi, ma \u00e8 un elemento che riguarder\u00e0 anche un dialogo e un\u2019interlocuzione forte con gli Stati membri\u201d<\/em>, conclude Fitto.<\/p>\n<p>\u2013 foto: Ipa Agency \u2013<\/p>\n<p>(ITALPRESS).<\/p>\n","protected":false},"excerpt":{"rendered":"<p>RIMINI (ITALPRESS) \u2013 \u201cNon si tratta di una proroga del Pnrr, che non \u00e8 possibile. La scadenza \u00e8 quella nota ed \u00e8 agosto del 2026. Quello che \u00e8 possibile, e che il ministro Foti ha citato, sono gli strumenti finanziari che sono gi\u00e0 previsti all\u2019interno dei Piani nazionali di ripresa ...<\/p>\n","protected":false},"author":1,"featured_media":11110,"comment_status":"open","ping_status":"open","sticky":false,"template":"","format":"standard","meta":{"footnotes":""},"categories":[572],"tags":[],"class_list":["post-11109","post","type-post","status-publish","format-standard","has-post-thumbnail","hentry","category-news"],"_links":{"self":[{"href":"https:\/\/radioitaliauno.it\/index.php?rest_route=\/wp\/v2\/posts\/11109","targetHints":{"allow":["GET"]}}],"collection":[{"href":"https:\/\/radioitaliauno.it\/index.php?rest_route=\/wp\/v2\/posts"}],"about":[{"href":"https:\/\/radioitaliauno.it\/index.php?rest_route=\/wp\/v2\/types\/post"}],"author":[{"embeddable":true,"href":"https:\/\/radioitaliauno.it\/index.php?rest_route=\/wp\/v2\/users\/1"}],"replies":[{"embeddable":true,"href":"https:\/\/radioitaliauno.it\/index.php?rest_route=%2Fwp%2Fv2%2Fcomments&post=11109"}],"version-history":[{"count":0,"href":"https:\/\/radioitaliauno.it\/index.php?rest_route=\/wp\/v2\/posts\/11109\/revisions"}],"wp:featuredmedia":[{"embeddable":true,"href":"https:\/\/radioitaliauno.it\/index.php?rest_route=\/wp\/v2\/media\/11110"}],"wp:attachment":[{"href":"https:\/\/radioitaliauno.it\/index.php?rest_route=%2Fwp%2Fv2%2Fmedia&parent=11109"}],"wp:term":[{"taxonomy":"category","embeddable":true,"href":"https:\/\/radioitaliauno.it\/index.php?rest_route=%2Fwp%2Fv2%2Fcategories&post=11109"},{"taxonomy":"post_tag","embeddable":true,"href":"https:\/\/radioitaliauno.it\/index.php?rest_route=%2Fwp%2Fv2%2Ftags&post=11109"}],"curies":[{"name":"wp","href":"https:\/\/api.w.org\/{rel}","templated":true}]}}