{"id":11111,"date":"2025-08-26T18:59:02","date_gmt":"2025-08-26T16:59:02","guid":{"rendered":"https:\/\/radioitaliauno.it\/?p=11111"},"modified":"2025-08-26T18:59:02","modified_gmt":"2025-08-26T16:59:02","slug":"lollobrigida-al-lavoro-sulla-manovra-per-spendere-bene-le-risorse","status":"publish","type":"post","link":"https:\/\/radioitaliauno.it\/?p=11111","title":{"rendered":"Lollobrigida \u201cAl lavoro sulla manovra per spendere bene le risorse\u201d"},"content":{"rendered":"<p><img fetchpriority=\"high\" decoding=\"async\" width=\"900\" height=\"600\" src=\"https:\/\/www.italpress.com\/wp-content\/uploads\/2025\/08\/20250826_1667.jpg\" class=\"webfeedsFeaturedVisual wp-post-image\" alt=\"Lollobrigida \u201cAl lavoro sulla manovra per spendere bene le risorse\u201d\" title=\"Lollobrigida \u201cAl lavoro sulla manovra per spendere bene le risorse\u201d\" srcset=\"https:\/\/www.italpress.com\/wp-content\/uploads\/2025\/08\/20250826_1667.jpg 900w, https:\/\/www.italpress.com\/wp-content\/uploads\/2025\/08\/20250826_1667-300x200.jpg 300w, https:\/\/www.italpress.com\/wp-content\/uploads\/2025\/08\/20250826_1667-768x512.jpg 768w, https:\/\/www.italpress.com\/wp-content\/uploads\/2025\/08\/20250826_1667-696x464.jpg 696w, https:\/\/www.italpress.com\/wp-content\/uploads\/2025\/08\/20250826_1667-630x420.jpg 630w\" sizes=\"(max-width: 900px) 100vw, 900px\"><\/p>\n<p>RIMINI (ITALPRESS) \u2013 <em>\u201cHo sentito il collega Giorgetti oggi, \u00e8 impegnatissimo al Ministero perch\u00e8 sta lavorando, come ha lavorato in tutti questi mesi, per rendere l\u2019Italia pi\u00f9 forte. Bisogna spendere bene le risorse che si hanno e riuscire a mettere a terra le risorse che vengono previste nelle Leggi finanziarie. E\u2019 quello che abbiamo voluto fare, per esempio, in agricoltura. Il mio ministero \u00e8 passato in questi due anni e mezzo dal 54% di capacit\u00e0 di impegno al 79%. Abbiamo svuotato i cassetti da risorse non spese che risultavano, quindi, impegnate in termini di bilancio complessivo dello Stato, ma che non venivano erogate a cittadini e imprese\u201d.<\/em> Cos\u00ec il ministro dell\u2019Agricoltura e della Sovranit\u00e0 alimentare, Francesco <strong>Lollobrigida,<\/strong> a margine del<strong> Meeting di Rimini.<\/strong> <em>\u201cSpendere bene, riuscire a garantire un\u2019economia forte e rendersi pi\u00f9 credibili per poi risparmiare, ovviamente, sugli interessi sul debito \u00e8 un risultato non solo che ci posti, ma che stiamo conseguendo. Quindi<\/em> \u2013 spiega -, <em>confido che il collega ministro Giorgetti continui in questo eccezionale lavoro che sta mettendo in campo\u201d.<\/em><\/p>\n<p>Sui dazi, <em>\u201csiamo una nazione esportatrice e i dazi non sono una buona cosa, aver raggiunto un accordo fatto positivo perch\u00e8 d\u00e0 stabilit\u00e0. In alcuni settori il 15% \u00e8 in linea con quanto gi\u00e0 accadeva; altri settori, invece, rischiano di avere delle penalizzazioni ma vedremo a valle gli esiti. Se ci sar\u00e0 la necessit\u00e0 valuteremo come sostenere adeguatamente questo fenomeno\u201d,<\/em> spiega. <em>\u201cCalcolare gli effetti \u00e8 molto importante, ed \u00e8 per questo che ci confrontiamo con le associazioni di rappresentanza. Cercheremo, dati alla mano, di capire quali danni subiranno alcuni settori\u201d<\/em>, assicura.<\/p>\n<p>Per quanto riguarda le Regionali,<em> \u201cdaremo la possibilit\u00e0 ai cittadini di poter scegliere il miglior candidato possibile. Nel centrodestra siamo abituati al confronto e anche in questo caso troveremo una sintesi non utilizzando il metodo della spartizione dei pesi. Basta guardare la rappresentanza presidenti regionali di FdI che non corrisponde al peso del partito, questo perch\u00e8 a noi interessa il buongoverno. Si arriver\u00e0 serenamente a una sintesi, a partire dal Veneto per poi arrivare a definire le candidature anche in altre Regioni\u201d<\/em>, prosegue Lollobrigida. Sul ministro della Salute, Orazio Schillaci, infine: <em>\u201cLa stima verso Schillaci \u00e8 oggettiva, \u00e8 un grande scienziato, abbiamo condiviso insieme delle leggi importanti. E\u2019 stata montata una polemica che aveva poco senso rispetto a dichiarazioni che rivendico rispetto al pluralismo\u201d<\/em> che \u00e8 giusto avere, anche per<em> \u201cgarantire ai cittadini di conoscere tutte le opinioni degli scienziati. Io sono un convinto sostenitore della scienza, ma il dibattito \u00e8 utile e bisogna dare la possibilit\u00e0 anche a chi non \u00e8 convinto\u201d<\/em> sui vaccini<em> \u201cdi poter dire la propria\u201d.<\/em><\/p>\n<p>\u2013 foto: Ipa Agency \u2013<\/p>\n<p>(ITALPRESS).<\/p>\n","protected":false},"excerpt":{"rendered":"<p>RIMINI (ITALPRESS) \u2013 \u201cHo sentito il collega Giorgetti oggi, \u00e8 impegnatissimo al Ministero perch\u00e8 sta lavorando, come ha lavorato in tutti questi mesi, per rendere l\u2019Italia pi\u00f9 forte. Bisogna spendere bene le risorse che si hanno e riuscire a mettere a terra le risorse che vengono previste nelle Leggi finanziarie. ...<\/p>\n","protected":false},"author":1,"featured_media":11112,"comment_status":"open","ping_status":"open","sticky":false,"template":"","format":"standard","meta":{"footnotes":""},"categories":[572],"tags":[],"class_list":["post-11111","post","type-post","status-publish","format-standard","has-post-thumbnail","hentry","category-news"],"_links":{"self":[{"href":"https:\/\/radioitaliauno.it\/index.php?rest_route=\/wp\/v2\/posts\/11111","targetHints":{"allow":["GET"]}}],"collection":[{"href":"https:\/\/radioitaliauno.it\/index.php?rest_route=\/wp\/v2\/posts"}],"about":[{"href":"https:\/\/radioitaliauno.it\/index.php?rest_route=\/wp\/v2\/types\/post"}],"author":[{"embeddable":true,"href":"https:\/\/radioitaliauno.it\/index.php?rest_route=\/wp\/v2\/users\/1"}],"replies":[{"embeddable":true,"href":"https:\/\/radioitaliauno.it\/index.php?rest_route=%2Fwp%2Fv2%2Fcomments&post=11111"}],"version-history":[{"count":0,"href":"https:\/\/radioitaliauno.it\/index.php?rest_route=\/wp\/v2\/posts\/11111\/revisions"}],"wp:featuredmedia":[{"embeddable":true,"href":"https:\/\/radioitaliauno.it\/index.php?rest_route=\/wp\/v2\/media\/11112"}],"wp:attachment":[{"href":"https:\/\/radioitaliauno.it\/index.php?rest_route=%2Fwp%2Fv2%2Fmedia&parent=11111"}],"wp:term":[{"taxonomy":"category","embeddable":true,"href":"https:\/\/radioitaliauno.it\/index.php?rest_route=%2Fwp%2Fv2%2Fcategories&post=11111"},{"taxonomy":"post_tag","embeddable":true,"href":"https:\/\/radioitaliauno.it\/index.php?rest_route=%2Fwp%2Fv2%2Ftags&post=11111"}],"curies":[{"name":"wp","href":"https:\/\/api.w.org\/{rel}","templated":true}]}}