{"id":11115,"date":"2025-08-27T21:50:02","date_gmt":"2025-08-27T19:50:02","guid":{"rendered":"https:\/\/radioitaliauno.it\/?p=11115"},"modified":"2025-08-27T21:50:02","modified_gmt":"2025-08-27T19:50:02","slug":"mattarella-il-cinema-e-parte-essenziale-della-cultura-italiana","status":"publish","type":"post","link":"https:\/\/radioitaliauno.it\/?p=11115","title":{"rendered":"Mattarella \u201cIl cinema \u00e8 parte essenziale della cultura italiana\u201d"},"content":{"rendered":"<p><img fetchpriority=\"high\" decoding=\"async\" width=\"800\" height=\"514\" src=\"https:\/\/www.italpress.com\/wp-content\/uploads\/2025\/08\/20250827_2013.jpg\" class=\"webfeedsFeaturedVisual wp-post-image\" alt=\"Mattarella \u201cIl cinema \u00e8 parte essenziale della cultura italiana\u201d\" title=\"Mattarella \u201cIl cinema \u00e8 parte essenziale della cultura italiana\u201d\" srcset=\"https:\/\/www.italpress.com\/wp-content\/uploads\/2025\/08\/20250827_2013.jpg 800w, https:\/\/www.italpress.com\/wp-content\/uploads\/2025\/08\/20250827_2013-300x193.jpg 300w, https:\/\/www.italpress.com\/wp-content\/uploads\/2025\/08\/20250827_2013-768x493.jpg 768w, https:\/\/www.italpress.com\/wp-content\/uploads\/2025\/08\/20250827_2013-696x447.jpg 696w, https:\/\/www.italpress.com\/wp-content\/uploads\/2025\/08\/20250827_2013-654x420.jpg 654w\" sizes=\"(max-width: 800px) 100vw, 800px\"><\/p>\n<p>VENEZIA (ITALPRESS) \u2013 <em>\u201cIl cinema \u00e8 parte essenziale e irrinunziabile della cultura italiana; ne esprime, nel mondo, il genio; trasmette e consolida bellezza, speranza, valori. Il contributo del cinema \u00e8 particolarmente prezioso in questo periodo nella vita del mondo che manifesta sovente il bisogno di recuperare solidit\u00e0 culturale e senso di umana solidariet\u00e0. Auguri dunque alla Mostra del cinema di Venezia! La ringrazio tanto per le Sue parole nei miei confronti e Le ricambio stima e affetto\u201d.<\/em> Cos\u00ec il presidente della Repubblica, <strong>Sergio Mattarella<\/strong>, in una <strong>lettera a Emanuela Fanelli<\/strong>, conduttrice della serata di apertura della 82^ edizione della <strong>Mostra del Cinema di Venezia,<\/strong> che aveva \u201cinvitato\u201d il capo dello Stato a fare un cameo nella gag filmata che ha aperto l\u2019arrivo sul palco dell\u2019attrice. <em>\u201cCara Signora Fanelli, premesso che non riesco a individuare parola di saluto pi\u00f9 significativa di \u201ccaro\u201d, La ringrazio per l\u2019invito e per la Sua simpatica e cortese lettera<\/em> \u2013 scrive Mattarella -. <em>Le confido di avere avvertito la sollecitazione a partecipare al Suo monologo, come spalla, ma ho pensato che il mondo dello spettacolo \u00e8 composto di professionisti e che, anche per fare soltanto la comparsa, occorrono \u2013 oltre a talento per la recitazione, di cui temo di essere privo attitudine ed esperienza\u201d.<\/em><\/p>\n<p>Secondo Mattarella <em>\u201cnon ci si improvvisa attori, tanto meno alla mia et\u00e0 non esattamente giovanile\u201d.<\/em> <em>\u201cNon vorrei trascurare la Sua preoccupazione per l\u2019eventualit\u00e0 di dirmi una cosa inesatta ma non deve nutrirla: imbattersi in persone che lo fanno non \u00e8 accadimento raro nella vita, neppure in quella del Presidente della Repubblica. Evito di divagare ulteriormente<\/em> \u2013 aggiunge \u2013<em> e desidero pregarla di trasmettere i miei migliori auguri a questa edizione del Mostra del Cinema \u2013 che si preannuncia, come in passato, ricca di proposte e di iniziative \u2013 a tutti gli artisti che vi partecipano, al mondo affascinante e complesso della produzione, agli organizzatori e al pubblico, che accorre sempre numeroso\u201d.<\/em><\/p>\n<p>\u2013 foto Ipa Agency \u2013<\/p>\n<p>(ITALPRESS).<\/p>\n","protected":false},"excerpt":{"rendered":"<p>VENEZIA (ITALPRESS) \u2013 \u201cIl cinema \u00e8 parte essenziale e irrinunziabile della cultura italiana; ne esprime, nel mondo, il genio; trasmette e consolida bellezza, speranza, valori. Il contributo del cinema \u00e8 particolarmente prezioso in questo periodo nella vita del mondo che manifesta sovente il bisogno di recuperare solidit\u00e0 culturale e senso ...<\/p>\n","protected":false},"author":1,"featured_media":11116,"comment_status":"open","ping_status":"open","sticky":false,"template":"","format":"standard","meta":{"footnotes":""},"categories":[572],"tags":[],"class_list":["post-11115","post","type-post","status-publish","format-standard","has-post-thumbnail","hentry","category-news"],"_links":{"self":[{"href":"https:\/\/radioitaliauno.it\/index.php?rest_route=\/wp\/v2\/posts\/11115","targetHints":{"allow":["GET"]}}],"collection":[{"href":"https:\/\/radioitaliauno.it\/index.php?rest_route=\/wp\/v2\/posts"}],"about":[{"href":"https:\/\/radioitaliauno.it\/index.php?rest_route=\/wp\/v2\/types\/post"}],"author":[{"embeddable":true,"href":"https:\/\/radioitaliauno.it\/index.php?rest_route=\/wp\/v2\/users\/1"}],"replies":[{"embeddable":true,"href":"https:\/\/radioitaliauno.it\/index.php?rest_route=%2Fwp%2Fv2%2Fcomments&post=11115"}],"version-history":[{"count":0,"href":"https:\/\/radioitaliauno.it\/index.php?rest_route=\/wp\/v2\/posts\/11115\/revisions"}],"wp:featuredmedia":[{"embeddable":true,"href":"https:\/\/radioitaliauno.it\/index.php?rest_route=\/wp\/v2\/media\/11116"}],"wp:attachment":[{"href":"https:\/\/radioitaliauno.it\/index.php?rest_route=%2Fwp%2Fv2%2Fmedia&parent=11115"}],"wp:term":[{"taxonomy":"category","embeddable":true,"href":"https:\/\/radioitaliauno.it\/index.php?rest_route=%2Fwp%2Fv2%2Fcategories&post=11115"},{"taxonomy":"post_tag","embeddable":true,"href":"https:\/\/radioitaliauno.it\/index.php?rest_route=%2Fwp%2Fv2%2Ftags&post=11115"}],"curies":[{"name":"wp","href":"https:\/\/api.w.org\/{rel}","templated":true}]}}