{"id":11119,"date":"2025-08-27T15:25:03","date_gmt":"2025-08-27T13:25:03","guid":{"rendered":"https:\/\/radioitaliauno.it\/?p=11119"},"modified":"2025-08-27T15:25:03","modified_gmt":"2025-08-27T13:25:03","slug":"pioli-dzeko-pronto-per-il-polissya-comuzzo-resta","status":"publish","type":"post","link":"https:\/\/radioitaliauno.it\/?p=11119","title":{"rendered":"Pioli \u201cDzeko pronto per il Polissya, Comuzzo resta\u201d"},"content":{"rendered":"<p><img fetchpriority=\"high\" decoding=\"async\" width=\"1200\" height=\"800\" src=\"https:\/\/www.italpress.com\/wp-content\/uploads\/2025\/08\/20250827_0923.jpg\" class=\"webfeedsFeaturedVisual wp-post-image\" alt=\"Pioli \u201cDzeko pronto per il Polissya, Comuzzo resta\u201d\" title=\"Pioli \u201cDzeko pronto per il Polissya, Comuzzo resta\u201d\" srcset=\"https:\/\/www.italpress.com\/wp-content\/uploads\/2025\/08\/20250827_0923.jpg 1200w, https:\/\/www.italpress.com\/wp-content\/uploads\/2025\/08\/20250827_0923-300x200.jpg 300w, https:\/\/www.italpress.com\/wp-content\/uploads\/2025\/08\/20250827_0923-1024x683.jpg 1024w, https:\/\/www.italpress.com\/wp-content\/uploads\/2025\/08\/20250827_0923-768x512.jpg 768w, https:\/\/www.italpress.com\/wp-content\/uploads\/2025\/08\/20250827_0923-696x464.jpg 696w, https:\/\/www.italpress.com\/wp-content\/uploads\/2025\/08\/20250827_0923-1068x712.jpg 1068w, https:\/\/www.italpress.com\/wp-content\/uploads\/2025\/08\/20250827_0923-630x420.jpg 630w\" sizes=\"(max-width: 1200px) 100vw, 1200px\"><\/p>\n<p>FIRENZE (ITALPRESS) \u2013 <em>\u201cAll\u2019andata siamo stati bravi a togliere le giocate che d\u2019abitudine i nostri avversari utilizzano per uscire dalla pressione, per cui da un certo punto di vista siamo stati noi a sorprendere loro. Chiaramente siamo avvantaggiati anche se lo sono in realt\u00e0 tutte e due le squadre perch\u00e8 si conoscono meglio dopo aver giocato la prima partita, ma dobbiamo essere pronti e preparati perch\u00e8 sono sicuro che qualcosa cambieranno\u201d. <\/em><\/p>\n<p><strong>Stefano Pioli<\/strong> avverte i suoi alla vigilia del ritorno dei play-off di Conference League contro il <strong>Polissya<\/strong>, in programma domani al Mapei stadium di Reggio Emilia. La Fiorentina riparte dal 3-0 di gioved\u00ec scorso e, data la squalifica di Kean, l\u2019indisponibilit\u00e0 di Piccoli e la rinuncia a Beltran per questioni di mercato, schierer\u00e0 in attacco Edin Dzeko.<\/p>\n<p><em> \u201cHa avuto qualche problema nelle settimane scorse, non \u00e8 riuscito a allenarsi completamente, ma ha fatto una buona preparazione, quindi sta bene, \u00e8 pronto per giocare<\/em> \u2013 ha spiegato <strong>Pioli<\/strong> \u2013 <em>Edin \u00e8 pi\u00f9 un centravanti di manovra che di profondit\u00e0, ma credo che abbia un\u2019intelligenza tale da potergli permettere di fare entrambe le cose. Se domani qualche volta Edin verr\u00e0 incontro per raccordare il gioco col centrocampo, saranno altri giocatori a dover garantire la profondit\u00e0, ma credo che questo lo possiamo fare\u201d.<\/em><\/p>\n<p>Sulla stessa linea d\u2019onda del collega del<strong> Bologna Vincenzo Italiano<\/strong>, contrario al mercato ancora aperto quando la stagione inizia (\u201ccon il campionato concluso lo scorso maggio c\u2019\u00e8 tutto il tempo per farlo fino a Ferragosto\u201d), <strong>Pioli<\/strong>, nel corso della conferenza stampa di oggi al Viola Park, ha assicurato che <em>\u201cnel mio gruppo e nei miei ragazzi ho visto grande attenzione, non ho dovuto fare dei richiami particolari, perch\u00e8 tutti sanno che domani c\u2019\u00e8 una partita di Conference League dove vogliamo avere ambizioni\u201d.<\/em><\/p>\n<p>A proposito di mercato e dei rumors sull\u2019interesse dell\u2019Al Hilal per <strong>Comuzzo<\/strong>, <em>\u201c\u00e8 normale che con una situazione del genere il ragazzo pu\u00f2 avere dei pensieri, ma mi ha detto che non ha intenzione di accettare. E\u2019 un ragazzo sereno, un grande professionista\u201d.<\/em><\/p>\n<p>In conferenza stampa anche <strong>Jacopo<\/strong> <strong>Fazzini<\/strong>. <em>\u201cLa Conference \u00e8 sicuramente un obiettivo che ci siamo posti<\/em> \u2013 sottolinea l\u2019ex Empoli \u2013 <em>Non stiamo a vedere se siamo i favoriti o no, anche perch\u00e8 ci sono tante altre squadre forti, saranno sicuramente tutte partite complicate e dovremo affrontarle nel migliori dei modi se vogliamo raggiungere il nostro obiettivo\u201d.<\/em> A Firenze <em>\u201cmi sto trovando benissimo<\/em> \u2013 ha aggiunto -, <em>devo dire che mi hanno accolto tutti veramente nel migliore dei modi e penso di non poter chiedere di meglio per questo inizio. Sono veramente felice e contento di essere qua e allo stesso tempo ho tanta voglia di giocare, di farmi vedere, e di raggiungere gli obiettivi che ci siamo prefissati\u201d.<\/em><\/p>\n<p>\u2013 foto IPA Agency \u2013<\/p>\n<p>(ITALPRESS)<\/p>\n","protected":false},"excerpt":{"rendered":"<p>FIRENZE (ITALPRESS) \u2013 \u201cAll\u2019andata siamo stati bravi a togliere le giocate che d\u2019abitudine i nostri avversari utilizzano per uscire dalla pressione, per cui da un certo punto di vista siamo stati noi a sorprendere loro. Chiaramente siamo avvantaggiati anche se lo sono in realt\u00e0 tutte e due le squadre perch\u00e8 ...<\/p>\n","protected":false},"author":1,"featured_media":11120,"comment_status":"open","ping_status":"open","sticky":false,"template":"","format":"standard","meta":{"footnotes":""},"categories":[572],"tags":[],"class_list":["post-11119","post","type-post","status-publish","format-standard","has-post-thumbnail","hentry","category-news"],"_links":{"self":[{"href":"https:\/\/radioitaliauno.it\/index.php?rest_route=\/wp\/v2\/posts\/11119","targetHints":{"allow":["GET"]}}],"collection":[{"href":"https:\/\/radioitaliauno.it\/index.php?rest_route=\/wp\/v2\/posts"}],"about":[{"href":"https:\/\/radioitaliauno.it\/index.php?rest_route=\/wp\/v2\/types\/post"}],"author":[{"embeddable":true,"href":"https:\/\/radioitaliauno.it\/index.php?rest_route=\/wp\/v2\/users\/1"}],"replies":[{"embeddable":true,"href":"https:\/\/radioitaliauno.it\/index.php?rest_route=%2Fwp%2Fv2%2Fcomments&post=11119"}],"version-history":[{"count":0,"href":"https:\/\/radioitaliauno.it\/index.php?rest_route=\/wp\/v2\/posts\/11119\/revisions"}],"wp:featuredmedia":[{"embeddable":true,"href":"https:\/\/radioitaliauno.it\/index.php?rest_route=\/wp\/v2\/media\/11120"}],"wp:attachment":[{"href":"https:\/\/radioitaliauno.it\/index.php?rest_route=%2Fwp%2Fv2%2Fmedia&parent=11119"}],"wp:term":[{"taxonomy":"category","embeddable":true,"href":"https:\/\/radioitaliauno.it\/index.php?rest_route=%2Fwp%2Fv2%2Fcategories&post=11119"},{"taxonomy":"post_tag","embeddable":true,"href":"https:\/\/radioitaliauno.it\/index.php?rest_route=%2Fwp%2Fv2%2Ftags&post=11119"}],"curies":[{"name":"wp","href":"https:\/\/api.w.org\/{rel}","templated":true}]}}