{"id":11139,"date":"2025-08-29T15:40:03","date_gmt":"2025-08-29T13:40:03","guid":{"rendered":"https:\/\/radioitaliauno.it\/?p=11139"},"modified":"2025-08-29T15:40:03","modified_gmt":"2025-08-29T13:40:03","slug":"conte-champions-il-massimo-per-un-club-ma-ora-testa-al-cagliari","status":"publish","type":"post","link":"https:\/\/radioitaliauno.it\/?p=11139","title":{"rendered":"Conte \u201cChampions il massimo per un club, ma ora testa al Cagliari\u201d"},"content":{"rendered":"<p><img fetchpriority=\"high\" decoding=\"async\" width=\"1200\" height=\"800\" src=\"https:\/\/www.italpress.com\/wp-content\/uploads\/2025\/08\/20250829_1298.jpg\" class=\"webfeedsFeaturedVisual wp-post-image\" alt=\"Conte \u201cChampions il massimo per un club, ma ora testa al Cagliari\u201d\" title=\"Conte \u201cChampions il massimo per un club, ma ora testa al Cagliari\u201d\" srcset=\"https:\/\/www.italpress.com\/wp-content\/uploads\/2025\/08\/20250829_1298.jpg 1200w, https:\/\/www.italpress.com\/wp-content\/uploads\/2025\/08\/20250829_1298-300x200.jpg 300w, https:\/\/www.italpress.com\/wp-content\/uploads\/2025\/08\/20250829_1298-1024x683.jpg 1024w, https:\/\/www.italpress.com\/wp-content\/uploads\/2025\/08\/20250829_1298-768x512.jpg 768w, https:\/\/www.italpress.com\/wp-content\/uploads\/2025\/08\/20250829_1298-696x464.jpg 696w, https:\/\/www.italpress.com\/wp-content\/uploads\/2025\/08\/20250829_1298-1068x712.jpg 1068w, https:\/\/www.italpress.com\/wp-content\/uploads\/2025\/08\/20250829_1298-630x420.jpg 630w\" sizes=\"(max-width: 1200px) 100vw, 1200px\"><\/p>\n<p>NAPOLI (ITALPRESS) \u2013 Alla vigilia della sfida di campionato tra <strong>Napoli e Cagliari, in programma domani sera allo stadio Maradona, Antonio Conte<\/strong> ha fatto il punto sia sui sorteggi della <strong>Champions League che sull\u2019inizio della Serie A<\/strong>. <em>\u201cIl mio pensiero sulla Champions? Parlo a nome del Napoli. Siamo molto contenti di giocare questa manifestazione. E\u2019 il massimo per una squadra di club. Abbiamo entusiasmo. Lo facciamo con voglia e umilt\u00e0 cercando di imparare da chi l\u2019ha vinta. Sperando di superare i maestri. Ora siamo concentrati sul Cagliari\u201d,<\/em> ha dichiarato l\u2019allenatore campione d\u2019Italia.<\/p>\n<p>Conte ha poi analizzato il campionato: \u201c<em><strong>Vedo squadre molto attrezzate dopo la prima giornata.<\/strong> Sar\u00e0 un campionato difficile perch\u00e8 ci sono team attrezzati per ambire a tutto. Tre mesi dopo il Cagliari al Maradona? Sar\u00e0 una gioia trovarsi di nuovo dopo la conquista dello scudetto. Ci ritroviamo e lo faremo con la stessa voglia e determinazione. Fondamentale che il connubio tra squadra e tifosi ci sia ancora. Ma quello che \u00e8 stato \u00e8 stato, \u2018scurdammec o passat&#8217;\u201d<\/em>.<\/p>\n<p>Il mister azzurro ha parlato anche delle scelte di mercato e dell\u2019organico: <em>\u201cQuello che io ho pi\u00f9 volte detto \u00e8 che la rosa non aveva calciatori che andavano in doppia cifra. Quest\u2019anno abbiamo cercato di portare calciatori con pi\u00f9 gol. McTominay ha cominciato dove aveva finito. De Bruyne si \u00e8 integrato. Gioca Meret? Ho detto che tra i pali dovrete sempre aspettare il giorno della partita\u201d<\/em>.<\/p>\n<p>Infine, uno sguardo agli ultimi movimenti di mercato: <em>\u201cSe ho pensato ad un modo veloce per la forma di chi arriver\u00e0 nelle ultime ore di mercato? Si dovranno fare delle valutazioni. Lo abbiamo fatto l\u2019anno scorso e lo faremo di nuovo\u201d.<\/em><br \/>\nFoto: Ipa Agency \u2013<br \/>\n(ITALPRESS).<\/p>\n","protected":false},"excerpt":{"rendered":"<p>NAPOLI (ITALPRESS) \u2013 Alla vigilia della sfida di campionato tra Napoli e Cagliari, in programma domani sera allo stadio Maradona, Antonio Conte ha fatto il punto sia sui sorteggi della Champions League che sull\u2019inizio della Serie A. \u201cIl mio pensiero sulla Champions? Parlo a nome del Napoli. Siamo molto contenti ...<\/p>\n","protected":false},"author":1,"featured_media":11140,"comment_status":"open","ping_status":"open","sticky":false,"template":"","format":"standard","meta":{"footnotes":""},"categories":[572],"tags":[],"class_list":["post-11139","post","type-post","status-publish","format-standard","has-post-thumbnail","hentry","category-news"],"_links":{"self":[{"href":"https:\/\/radioitaliauno.it\/index.php?rest_route=\/wp\/v2\/posts\/11139","targetHints":{"allow":["GET"]}}],"collection":[{"href":"https:\/\/radioitaliauno.it\/index.php?rest_route=\/wp\/v2\/posts"}],"about":[{"href":"https:\/\/radioitaliauno.it\/index.php?rest_route=\/wp\/v2\/types\/post"}],"author":[{"embeddable":true,"href":"https:\/\/radioitaliauno.it\/index.php?rest_route=\/wp\/v2\/users\/1"}],"replies":[{"embeddable":true,"href":"https:\/\/radioitaliauno.it\/index.php?rest_route=%2Fwp%2Fv2%2Fcomments&post=11139"}],"version-history":[{"count":0,"href":"https:\/\/radioitaliauno.it\/index.php?rest_route=\/wp\/v2\/posts\/11139\/revisions"}],"wp:featuredmedia":[{"embeddable":true,"href":"https:\/\/radioitaliauno.it\/index.php?rest_route=\/wp\/v2\/media\/11140"}],"wp:attachment":[{"href":"https:\/\/radioitaliauno.it\/index.php?rest_route=%2Fwp%2Fv2%2Fmedia&parent=11139"}],"wp:term":[{"taxonomy":"category","embeddable":true,"href":"https:\/\/radioitaliauno.it\/index.php?rest_route=%2Fwp%2Fv2%2Fcategories&post=11139"},{"taxonomy":"post_tag","embeddable":true,"href":"https:\/\/radioitaliauno.it\/index.php?rest_route=%2Fwp%2Fv2%2Ftags&post=11139"}],"curies":[{"name":"wp","href":"https:\/\/api.w.org\/{rel}","templated":true}]}}