{"id":11163,"date":"2025-08-31T22:55:10","date_gmt":"2025-08-31T20:55:10","guid":{"rendered":"https:\/\/radioitaliauno.it\/?p=11163"},"modified":"2025-08-31T22:55:10","modified_gmt":"2025-08-31T20:55:10","slug":"schlein-netanyahu-va-fermato","status":"publish","type":"post","link":"https:\/\/radioitaliauno.it\/?p=11163","title":{"rendered":"Schlein \u201cNetanyahu va fermato\u201d"},"content":{"rendered":"<p><img fetchpriority=\"high\" decoding=\"async\" width=\"1619\" height=\"1080\" src=\"https:\/\/www.italpress.com\/wp-content\/uploads\/2025\/08\/20250831_1637.jpg\" class=\"webfeedsFeaturedVisual wp-post-image\" alt=\"Schlein \u201cNetanyahu va fermato\u201d\" title=\"Schlein \u201cNetanyahu va fermato\u201d\" srcset=\"https:\/\/www.italpress.com\/wp-content\/uploads\/2025\/08\/20250831_1637.jpg 1619w, https:\/\/www.italpress.com\/wp-content\/uploads\/2025\/08\/20250831_1637-300x200.jpg 300w, https:\/\/www.italpress.com\/wp-content\/uploads\/2025\/08\/20250831_1637-1024x683.jpg 1024w, https:\/\/www.italpress.com\/wp-content\/uploads\/2025\/08\/20250831_1637-768x512.jpg 768w, https:\/\/www.italpress.com\/wp-content\/uploads\/2025\/08\/20250831_1637-1536x1025.jpg 1536w, https:\/\/www.italpress.com\/wp-content\/uploads\/2025\/08\/20250831_1637-696x464.jpg 696w, https:\/\/www.italpress.com\/wp-content\/uploads\/2025\/08\/20250831_1637-1068x712.jpg 1068w, https:\/\/www.italpress.com\/wp-content\/uploads\/2025\/08\/20250831_1637-630x420.jpg 630w\" sizes=\"(max-width: 1619px) 100vw, 1619px\"><\/p>\n<p>ROMA (ITALPRESS) \u2013 \u201cBuon vento alla Global Sumud Flotilla\u201d, il \u201cgoverno italiano anche ieri si \u00e8 espresso contro la pur timida proposta di sanzioni della commissione europea contro il governo israeliano. Ci sta mettendo dalla parte sbagliata della storia\u201d. Lo ha detto la segretaria del Pd Elly Schlein a Portoferraio, alla Festa dell\u2019Unit\u00e0 dell\u2019isola d\u2019Elba.<br \/>\u201cIl governo italiano sta bloccando ogni iniziativa su Gaza, noi pensiamo che i crimini di Netanyahu vadano fermati subito\u201d, ha aggiunto Schlein.<br \/>\u201cStiamo costruendo l\u2019alternativa a queste destre su cinque priorit\u00e0\u201d, ha poi sottolineato la segretaria del Pd. \u201cLa prima \u00e8 la sanit\u00e0 pubblica \u2013 ha dichiarato -. La seconda priorit\u00e0 \u00e8 la scuola pubblica a partire dai nidi. La terza grande questione \u00e8 il lavoro dignitoso e continueremo a batterci per una legge sul salario minimo. Ci sono 4 milioni e mezzo di lavoratori poveri. Lavoro dignitoso significa anche sicurezza sul lavoro.<br \/>Quarta priorit\u00e0 sono le politiche industriali. Ogni imprenditore ci sottopone il problema della bolletta pi\u00f9 cara d\u2019Europa: dobbiamo scollegare il prezzo dell\u2019energia da quello del gas.<br \/>Meloni non risolve questo problema perch\u00e8 non ha il coraggio di intaccare gli extraprofitti di un pugno di societ\u00e0 energetiche.<br \/>Quinta priorit\u00e0 sono i diritti sociali e civili che stanno insieme\u201d.<br \/>Poi, ha ringraziato Giani \u201cche sar\u00e0 di nuovo il presidente della Regione Toscana grazie al lavoro che ha fatto in questi anni.<br \/>Eugenio \u00e8 un amministratore presente, \u00e8 sempre in mezzo alla gente, per questo gli vogliono bene. La gente sa che il suo impegno per questa terra \u00e8 sincero\u201d, ha sottolineato.<br \/>\u2013 foto Ipa agency \u2013<br \/>(ITALPRESS).<\/p>\n","protected":false},"excerpt":{"rendered":"<p>ROMA (ITALPRESS) \u2013 \u201cBuon vento alla Global Sumud Flotilla\u201d, il \u201cgoverno italiano anche ieri si \u00e8 espresso contro la pur timida proposta di sanzioni della commissione europea contro il governo israeliano. Ci sta mettendo dalla parte sbagliata della storia\u201d. Lo ha detto la segretaria del Pd Elly Schlein a Portoferraio, ...<\/p>\n","protected":false},"author":1,"featured_media":11164,"comment_status":"open","ping_status":"open","sticky":false,"template":"","format":"standard","meta":{"footnotes":""},"categories":[572],"tags":[],"class_list":["post-11163","post","type-post","status-publish","format-standard","has-post-thumbnail","hentry","category-news"],"_links":{"self":[{"href":"https:\/\/radioitaliauno.it\/index.php?rest_route=\/wp\/v2\/posts\/11163","targetHints":{"allow":["GET"]}}],"collection":[{"href":"https:\/\/radioitaliauno.it\/index.php?rest_route=\/wp\/v2\/posts"}],"about":[{"href":"https:\/\/radioitaliauno.it\/index.php?rest_route=\/wp\/v2\/types\/post"}],"author":[{"embeddable":true,"href":"https:\/\/radioitaliauno.it\/index.php?rest_route=\/wp\/v2\/users\/1"}],"replies":[{"embeddable":true,"href":"https:\/\/radioitaliauno.it\/index.php?rest_route=%2Fwp%2Fv2%2Fcomments&post=11163"}],"version-history":[{"count":0,"href":"https:\/\/radioitaliauno.it\/index.php?rest_route=\/wp\/v2\/posts\/11163\/revisions"}],"wp:featuredmedia":[{"embeddable":true,"href":"https:\/\/radioitaliauno.it\/index.php?rest_route=\/wp\/v2\/media\/11164"}],"wp:attachment":[{"href":"https:\/\/radioitaliauno.it\/index.php?rest_route=%2Fwp%2Fv2%2Fmedia&parent=11163"}],"wp:term":[{"taxonomy":"category","embeddable":true,"href":"https:\/\/radioitaliauno.it\/index.php?rest_route=%2Fwp%2Fv2%2Fcategories&post=11163"},{"taxonomy":"post_tag","embeddable":true,"href":"https:\/\/radioitaliauno.it\/index.php?rest_route=%2Fwp%2Fv2%2Ftags&post=11163"}],"curies":[{"name":"wp","href":"https:\/\/api.w.org\/{rel}","templated":true}]}}