{"id":11173,"date":"2025-09-02T08:54:03","date_gmt":"2025-09-02T06:54:03","guid":{"rendered":"https:\/\/radioitaliauno.it\/?p=11173"},"modified":"2025-09-02T08:54:03","modified_gmt":"2025-09-02T06:54:03","slug":"trump-la-guerra-a-gaza-danneggia-limmagine-di-israele-deve-finire","status":"publish","type":"post","link":"https:\/\/radioitaliauno.it\/?p=11173","title":{"rendered":"Trump \u201cLa guerra a Gaza danneggia l\u2019immagine di Israele, deve finire\u201d"},"content":{"rendered":"<p><img fetchpriority=\"high\" decoding=\"async\" width=\"1200\" height=\"800\" src=\"https:\/\/www.italpress.com\/wp-content\/uploads\/2025\/09\/20250902_0100.jpg\" class=\"webfeedsFeaturedVisual wp-post-image\" alt=\"Trump \u201cLa guerra a Gaza danneggia l\u2019immagine di Israele, deve finire\u201d\" title=\"Trump \u201cLa guerra a Gaza danneggia l\u2019immagine di Israele, deve finire\u201d\" srcset=\"https:\/\/www.italpress.com\/wp-content\/uploads\/2025\/09\/20250902_0100.jpg 1200w, https:\/\/www.italpress.com\/wp-content\/uploads\/2025\/09\/20250902_0100-300x200.jpg 300w, https:\/\/www.italpress.com\/wp-content\/uploads\/2025\/09\/20250902_0100-1024x683.jpg 1024w, https:\/\/www.italpress.com\/wp-content\/uploads\/2025\/09\/20250902_0100-768x512.jpg 768w, https:\/\/www.italpress.com\/wp-content\/uploads\/2025\/09\/20250902_0100-696x464.jpg 696w, https:\/\/www.italpress.com\/wp-content\/uploads\/2025\/09\/20250902_0100-1068x712.jpg 1068w, https:\/\/www.italpress.com\/wp-content\/uploads\/2025\/09\/20250902_0100-630x420.jpg 630w\" sizes=\"(max-width: 1200px) 100vw, 1200px\"><\/p>\n<p>WASHINGTON (ITALPRESS) \u2013 <strong>La guerra nella Striscia di Gaza \u201csta danneggiando\u201d Israele.<\/strong> Lo ha detto il presidente americano, Donald <strong>Trump,<\/strong> in un\u2019intervista a Daily Caller. <em>\u201cPrima Israele al Congresso<\/em> \u2013 aggiunge \u2013 <em>aveva la lobby pi\u00f9 forte di qualsiasi altro, di qualsiasi azienda o societ\u00e0 o Stato che abbia mai visto. C\u2019era un tempo in cui se volevi far politica non potevi parlarne male. Ora non \u00e8 pi\u00f9 cos\u00ec e sono un p\u00f2 sorpreso di vederlo. La gente si \u00e8 dimenticata del 7 ottobre\u201d<\/em>.<\/p>\n<p>Le persone <em>\u201cnegano che sia mai successo, sono negazionisti. C\u2019\u00e8 gente che nega l\u2019Olocausto sia mai avvenuto. Quindi, quella guerra deve finire. Sta danneggiando Israele. Non c\u2019\u00e8 dubbio. Possono vincere la guerra, ma non stanno vincendo sulle pubbliche relazioni. E questo sta facendo loro del male\u201d.<\/em><\/p>\n<p>-foto Ipa Agency \u2013<\/p>\n<p>(ITALPRESS).<\/p>\n","protected":false},"excerpt":{"rendered":"<p>WASHINGTON (ITALPRESS) \u2013 La guerra nella Striscia di Gaza \u201csta danneggiando\u201d Israele. Lo ha detto il presidente americano, Donald Trump, in un\u2019intervista a Daily Caller. \u201cPrima Israele al Congresso \u2013 aggiunge \u2013 aveva la lobby pi\u00f9 forte di qualsiasi altro, di qualsiasi azienda o societ\u00e0 o Stato che abbia mai ...<\/p>\n","protected":false},"author":1,"featured_media":11174,"comment_status":"open","ping_status":"open","sticky":false,"template":"","format":"standard","meta":{"footnotes":""},"categories":[572],"tags":[],"class_list":["post-11173","post","type-post","status-publish","format-standard","has-post-thumbnail","hentry","category-news"],"_links":{"self":[{"href":"https:\/\/radioitaliauno.it\/index.php?rest_route=\/wp\/v2\/posts\/11173","targetHints":{"allow":["GET"]}}],"collection":[{"href":"https:\/\/radioitaliauno.it\/index.php?rest_route=\/wp\/v2\/posts"}],"about":[{"href":"https:\/\/radioitaliauno.it\/index.php?rest_route=\/wp\/v2\/types\/post"}],"author":[{"embeddable":true,"href":"https:\/\/radioitaliauno.it\/index.php?rest_route=\/wp\/v2\/users\/1"}],"replies":[{"embeddable":true,"href":"https:\/\/radioitaliauno.it\/index.php?rest_route=%2Fwp%2Fv2%2Fcomments&post=11173"}],"version-history":[{"count":0,"href":"https:\/\/radioitaliauno.it\/index.php?rest_route=\/wp\/v2\/posts\/11173\/revisions"}],"wp:featuredmedia":[{"embeddable":true,"href":"https:\/\/radioitaliauno.it\/index.php?rest_route=\/wp\/v2\/media\/11174"}],"wp:attachment":[{"href":"https:\/\/radioitaliauno.it\/index.php?rest_route=%2Fwp%2Fv2%2Fmedia&parent=11173"}],"wp:term":[{"taxonomy":"category","embeddable":true,"href":"https:\/\/radioitaliauno.it\/index.php?rest_route=%2Fwp%2Fv2%2Fcategories&post=11173"},{"taxonomy":"post_tag","embeddable":true,"href":"https:\/\/radioitaliauno.it\/index.php?rest_route=%2Fwp%2Fv2%2Ftags&post=11173"}],"curies":[{"name":"wp","href":"https:\/\/api.w.org\/{rel}","templated":true}]}}