{"id":11195,"date":"2025-09-05T11:30:02","date_gmt":"2025-09-05T09:30:02","guid":{"rendered":"https:\/\/radioitaliauno.it\/?p=11195"},"modified":"2025-09-05T11:30:02","modified_gmt":"2025-09-05T09:30:02","slug":"sanita-digitale-veneto-attiva-unaltra-centrale-operativa-del-116-117","status":"publish","type":"post","link":"https:\/\/radioitaliauno.it\/?p=11195","title":{"rendered":"Sanit\u00e0 digitale, Veneto attiva un\u2019altra centrale operativa del 116-117"},"content":{"rendered":"<p><img fetchpriority=\"high\" decoding=\"async\" width=\"1024\" height=\"768\" src=\"https:\/\/www.italpress.com\/wp-content\/uploads\/2025\/09\/20250905_0440.jpg\" class=\"webfeedsFeaturedVisual wp-post-image\" alt=\"Sanit\u00e0 digitale, Veneto attiva un\u2019altra centrale operativa del 116-117\" title=\"Sanit\u00e0 digitale, Veneto attiva un\u2019altra centrale operativa del 116-117\" srcset=\"https:\/\/www.italpress.com\/wp-content\/uploads\/2025\/09\/20250905_0440.jpg 1024w, https:\/\/www.italpress.com\/wp-content\/uploads\/2025\/09\/20250905_0440-300x225.jpg 300w, https:\/\/www.italpress.com\/wp-content\/uploads\/2025\/09\/20250905_0440-768x576.jpg 768w, https:\/\/www.italpress.com\/wp-content\/uploads\/2025\/09\/20250905_0440-80x60.jpg 80w, https:\/\/www.italpress.com\/wp-content\/uploads\/2025\/09\/20250905_0440-265x198.jpg 265w, https:\/\/www.italpress.com\/wp-content\/uploads\/2025\/09\/20250905_0440-696x522.jpg 696w, https:\/\/www.italpress.com\/wp-content\/uploads\/2025\/09\/20250905_0440-560x420.jpg 560w\" sizes=\"(max-width: 1024px) 100vw, 1024px\"><\/p>\n<p>VENEZIA (ITALPRESS) \u2013 E\u2019 attivo anche nella parte orientale della citt\u00e0 metropolitana di Venezia, ovvero nei ventuno comuni della Ulss 4, il nuovo servizio digitale del 116-117, la continuit\u00e0 assistenziale che sostituisce la vecchia guardia medica.<br \/>Alla fine di luglio era stata la Ulss Serenissima la prima unit\u00e0 locale socio sanitaria ad attivare ufficialmente la centrale operativa digitale.<br \/>Il 116-117 \u00e8 il servizio della medicina del territorio al quale il cittadino pu\u00f2 rivolgersi per problemi non urgenti negli orari e nei giorni in cui non \u00e8 in servizio il medico di base.<br \/>Cuore della rivoluzione digitale \u00e8 il software sviluppato dall\u2019azienda lucchese Gruppo Informatico, che mette in collaborazione le competenze umane con l\u2019intelligenza artificiale.<br \/>Quando un cittadino compone il 116-117, risponde un operatore che procede con una serie di domande per inquadrare e valutare il problema. Le chiamate hanno una durata media di 6 minuti e portano l\u2019utente verso la soluzione migliore per il suo bisogno, tenendo conto della disponibilit\u00e0 di strutture e servizi presenti nel territorio.<br \/>Rivolgendosi al 116-117 il cittadino pu\u00f2 ottenere: informazioni e indicazioni; l\u2019intervento del medico al telefono, che indica l\u2019eventuale terapia e prescrive i farmaci ritirabili presso le farmacie di turno aperte; l\u2019invio di un medico presso il domicilio; il trasferimento della chiamata al 118.<br \/>L\u2019intelligenza artificiale integrata nel software aiuta gli operatori ad avere un\u2019interazione semplice e chiara con gli utenti. Basandosi sulle risposte ottenute dall\u2019utente, suggerisce le domande successive, velocizza i passaggi, riduce la probabilit\u00e0 di errori umani come sviste o incongruenze. L\u2019intelligenza artificiale tiene anche conto di tutte le informazioni sui servizi presenti sul territorio, incrociando in tempo reale migliaia di dati.<br \/>Il software di Gruppo Informatico \u00e8 anche uno strumento per l\u2019analisi e l\u2019elaborazione di grandi quantit\u00e0 di dati, utili alle aziende sanitarie per programmare i servizi. Ogni chiamata genera infatti una quantit\u00e0 di informazioni dal momento della presa in carico del cittadino alla risoluzione del bisogno. I dati elaborati spaziano dal profilo dell\u2019utenza alle prestazioni richieste, dal numero delle chiamate dirottate all\u2019emergenza a quante invece state gestite completamente in continuit\u00e0 assistenziale, decongestionando l\u2019accesso dei pazienti al 118 o al pronto soccorso.<\/p>\n<p>\u2013 foto ufficio stampa Headline Giornalisti \u2013<br \/>(ITALPRESS).<\/p>\n","protected":false},"excerpt":{"rendered":"<p>VENEZIA (ITALPRESS) \u2013 E\u2019 attivo anche nella parte orientale della citt\u00e0 metropolitana di Venezia, ovvero nei ventuno comuni della Ulss 4, il nuovo servizio digitale del 116-117, la continuit\u00e0 assistenziale che sostituisce la vecchia guardia medica.Alla fine di luglio era stata la Ulss Serenissima la prima unit\u00e0 locale socio sanitaria ...<\/p>\n","protected":false},"author":1,"featured_media":11196,"comment_status":"open","ping_status":"open","sticky":false,"template":"","format":"standard","meta":{"footnotes":""},"categories":[572],"tags":[],"class_list":["post-11195","post","type-post","status-publish","format-standard","has-post-thumbnail","hentry","category-news"],"_links":{"self":[{"href":"https:\/\/radioitaliauno.it\/index.php?rest_route=\/wp\/v2\/posts\/11195","targetHints":{"allow":["GET"]}}],"collection":[{"href":"https:\/\/radioitaliauno.it\/index.php?rest_route=\/wp\/v2\/posts"}],"about":[{"href":"https:\/\/radioitaliauno.it\/index.php?rest_route=\/wp\/v2\/types\/post"}],"author":[{"embeddable":true,"href":"https:\/\/radioitaliauno.it\/index.php?rest_route=\/wp\/v2\/users\/1"}],"replies":[{"embeddable":true,"href":"https:\/\/radioitaliauno.it\/index.php?rest_route=%2Fwp%2Fv2%2Fcomments&post=11195"}],"version-history":[{"count":0,"href":"https:\/\/radioitaliauno.it\/index.php?rest_route=\/wp\/v2\/posts\/11195\/revisions"}],"wp:featuredmedia":[{"embeddable":true,"href":"https:\/\/radioitaliauno.it\/index.php?rest_route=\/wp\/v2\/media\/11196"}],"wp:attachment":[{"href":"https:\/\/radioitaliauno.it\/index.php?rest_route=%2Fwp%2Fv2%2Fmedia&parent=11195"}],"wp:term":[{"taxonomy":"category","embeddable":true,"href":"https:\/\/radioitaliauno.it\/index.php?rest_route=%2Fwp%2Fv2%2Fcategories&post=11195"},{"taxonomy":"post_tag","embeddable":true,"href":"https:\/\/radioitaliauno.it\/index.php?rest_route=%2Fwp%2Fv2%2Ftags&post=11195"}],"curies":[{"name":"wp","href":"https:\/\/api.w.org\/{rel}","templated":true}]}}