{"id":11205,"date":"2025-09-06T11:10:02","date_gmt":"2025-09-06T09:10:02","guid":{"rendered":"https:\/\/radioitaliauno.it\/?p=11205"},"modified":"2025-09-06T11:10:02","modified_gmt":"2025-09-06T09:10:02","slug":"mattarella-il-mondo-ha-bisogno-dellue-per-la-centralita-del-diritto","status":"publish","type":"post","link":"https:\/\/radioitaliauno.it\/?p=11205","title":{"rendered":"Mattarella \u201cIl mondo ha bisogno dell\u2019Ue per la centralit\u00e0 del diritto\u201d"},"content":{"rendered":"<p><img fetchpriority=\"high\" decoding=\"async\" width=\"900\" height=\"600\" src=\"https:\/\/www.italpress.com\/wp-content\/uploads\/2025\/09\/20250906_0483.jpg\" class=\"webfeedsFeaturedVisual wp-post-image\" alt=\"Mattarella \u201cIl mondo ha bisogno dell\u2019Ue per la centralit\u00e0 del diritto\u201d\" title=\"Mattarella \u201cIl mondo ha bisogno dell\u2019Ue per la centralit\u00e0 del diritto\u201d\" srcset=\"https:\/\/www.italpress.com\/wp-content\/uploads\/2025\/09\/20250906_0483.jpg 900w, https:\/\/www.italpress.com\/wp-content\/uploads\/2025\/09\/20250906_0483-300x200.jpg 300w, https:\/\/www.italpress.com\/wp-content\/uploads\/2025\/09\/20250906_0483-768x512.jpg 768w, https:\/\/www.italpress.com\/wp-content\/uploads\/2025\/09\/20250906_0483-696x464.jpg 696w, https:\/\/www.italpress.com\/wp-content\/uploads\/2025\/09\/20250906_0483-630x420.jpg 630w\" sizes=\"(max-width: 900px) 100vw, 900px\"><\/p>\n<p>CERNOBBIO (ITALPRESS) \u2013 \u201cIl mondo ha bisogno dell\u2019Europa per ricostruire la centralit\u00e0 del diritto internazionale che \u00e8 stata strappata. Per rilanciare la prospettiva di un multilateralismo cooperativo. Per regole che riconducano al bene comune lo straripante peso delle corporazioni globali \u2013 quasi nuove Compagnie delle Indie \u2013 che si arrogano l\u2019assunzione di poteri che si pretende che Stati e Organizzazioni internazionali non abbiano a esercitare. L\u2019incrocio tra le ambizioni di quelle, e l\u2019impulso di dominio, di impronta neo-imperialista, che si manifesta da parte dei governi di alcuni Paesi, rischia di essere letale per il futuro dell\u2019umanit\u00e0\u201d. Cos\u00ec il Presidente della Repubblica Sergio Mattarella nel videomessaggio inviato per la seconda giornata del Forum TEHA a Cernobbio, sottolineando che \u201cl\u2019Europa \u00e8, al tempo stesso, necessit\u00e0 e responsabilit\u00e0\u201d.<br \/>\u201cLe forze imprenditoriali e quelle sociali, il mondo della cultura e la societ\u00e0 civile europea devono avvertire la necessit\u00e0 e la responsabilit\u00e0 di sentirsi partecipi e costruttori, non spettatori inermi e intimoriti\u201d, ha aggiunto il Capo dello Stato ribadendo che \u201cle democrazie dell\u2019Europa sono capaci di trovare in s\u00e8 motivazioni e iniziative per non soccombere alla favola di una superiorit\u00e0 dei regimi autocratici, per non cedere all\u2019idea di un mondo lacerato, composto soltanto di avversari, nemici, vassalli o clientes, n\u00e8 all\u2019idea di societ\u00e0 frammentate\u201d.<br \/>(ITALPRESS).<\/p>\n<p>\u2013 foto: Ipa Agency \u2013<\/p>\n","protected":false},"excerpt":{"rendered":"<p>CERNOBBIO (ITALPRESS) \u2013 \u201cIl mondo ha bisogno dell\u2019Europa per ricostruire la centralit\u00e0 del diritto internazionale che \u00e8 stata strappata. Per rilanciare la prospettiva di un multilateralismo cooperativo. Per regole che riconducano al bene comune lo straripante peso delle corporazioni globali \u2013 quasi nuove Compagnie delle Indie \u2013 che si arrogano ...<\/p>\n","protected":false},"author":1,"featured_media":11206,"comment_status":"open","ping_status":"open","sticky":false,"template":"","format":"standard","meta":{"footnotes":""},"categories":[572],"tags":[],"class_list":["post-11205","post","type-post","status-publish","format-standard","has-post-thumbnail","hentry","category-news"],"_links":{"self":[{"href":"https:\/\/radioitaliauno.it\/index.php?rest_route=\/wp\/v2\/posts\/11205","targetHints":{"allow":["GET"]}}],"collection":[{"href":"https:\/\/radioitaliauno.it\/index.php?rest_route=\/wp\/v2\/posts"}],"about":[{"href":"https:\/\/radioitaliauno.it\/index.php?rest_route=\/wp\/v2\/types\/post"}],"author":[{"embeddable":true,"href":"https:\/\/radioitaliauno.it\/index.php?rest_route=\/wp\/v2\/users\/1"}],"replies":[{"embeddable":true,"href":"https:\/\/radioitaliauno.it\/index.php?rest_route=%2Fwp%2Fv2%2Fcomments&post=11205"}],"version-history":[{"count":0,"href":"https:\/\/radioitaliauno.it\/index.php?rest_route=\/wp\/v2\/posts\/11205\/revisions"}],"wp:featuredmedia":[{"embeddable":true,"href":"https:\/\/radioitaliauno.it\/index.php?rest_route=\/wp\/v2\/media\/11206"}],"wp:attachment":[{"href":"https:\/\/radioitaliauno.it\/index.php?rest_route=%2Fwp%2Fv2%2Fmedia&parent=11205"}],"wp:term":[{"taxonomy":"category","embeddable":true,"href":"https:\/\/radioitaliauno.it\/index.php?rest_route=%2Fwp%2Fv2%2Fcategories&post=11205"},{"taxonomy":"post_tag","embeddable":true,"href":"https:\/\/radioitaliauno.it\/index.php?rest_route=%2Fwp%2Fv2%2Ftags&post=11205"}],"curies":[{"name":"wp","href":"https:\/\/api.w.org\/{rel}","templated":true}]}}