{"id":11215,"date":"2025-09-07T10:20:02","date_gmt":"2025-09-07T08:20:02","guid":{"rendered":"https:\/\/radioitaliauno.it\/?p=11215"},"modified":"2025-09-07T10:20:02","modified_gmt":"2025-09-07T08:20:02","slug":"papa-leone-xiv-i-santi-frassati-e-acutis-ci-invitano-a-non-sciupare-la-vita","status":"publish","type":"post","link":"https:\/\/radioitaliauno.it\/?p=11215","title":{"rendered":"Papa Leone XIV \u201cI santi Frassati e Acutis ci invitano a non sciupare la vita\u201d"},"content":{"rendered":"<p><img fetchpriority=\"high\" decoding=\"async\" width=\"1200\" height=\"800\" src=\"https:\/\/www.italpress.com\/wp-content\/uploads\/2025\/09\/20250907_0135.jpg\" class=\"webfeedsFeaturedVisual wp-post-image\" alt=\"Papa Leone XIV \u201cI santi Frassati e Acutis ci invitano a non sciupare la vita\u201d\" title=\"Papa Leone XIV \u201cI santi Frassati e Acutis ci invitano a non sciupare la vita\u201d\" srcset=\"https:\/\/www.italpress.com\/wp-content\/uploads\/2025\/09\/20250907_0135.jpg 1200w, https:\/\/www.italpress.com\/wp-content\/uploads\/2025\/09\/20250907_0135-300x200.jpg 300w, https:\/\/www.italpress.com\/wp-content\/uploads\/2025\/09\/20250907_0135-1024x683.jpg 1024w, https:\/\/www.italpress.com\/wp-content\/uploads\/2025\/09\/20250907_0135-768x512.jpg 768w, https:\/\/www.italpress.com\/wp-content\/uploads\/2025\/09\/20250907_0135-696x464.jpg 696w, https:\/\/www.italpress.com\/wp-content\/uploads\/2025\/09\/20250907_0135-1068x712.jpg 1068w, https:\/\/www.italpress.com\/wp-content\/uploads\/2025\/09\/20250907_0135-630x420.jpg 630w\" sizes=\"(max-width: 1200px) 100vw, 1200px\"><\/p>\n<p>ROMA (ITALPRESS) \u2013 \u201c<em>Oggi \u00e8 una festa bellissima per tutta l\u2019Italia, la chiesa e il mondo per questa solenne celebrazione di canonizzazione. Voglio mandare un saluto a tutti voi, perch\u00e8 se da una parte \u00e8 una celebrazione solenne, dall\u2019altra \u00e8 un giorno di molta gioia e voglio salutare tutti i giovani, i ragazzi venuti per questa santa messa\u201d<\/em>. Cos\u00ec<strong> Papa Leone XIV<\/strong> salutando i presenti a Piazza San Pietro in occasione delle<strong> canonizzazione dei Beati Carlo Acutis e Piergiorgio Frassati.<\/strong><\/p>\n<p><em>\u201cI Santi Piergiorgio Frassati e Carlo Acutis mandano un invito rivolto a tutti noi, soprattutto ai giovani, a non sciupare la vita ma ad orientarla verso tanto e a farne un capolavoro\u201d<\/em> dice il Pontefice. \u201c<em>Ci incoraggiano con le loro parole: \u2018non io ma Dio\u2019 diceva Carlo, e Piergiorgio \u2018se avrai Dio per centro di ogni tua azione, allora arriverai fino alla fine\u2019. Questa \u00e8 la formula semplice ma vincente della loro santit\u00e0. \u00c8 la testimonzianza che siamo chiamati a seguire di gustare la vita fino in fondo e andare incontro al Signore nella festa del cielo\u201d<\/em> conclude il Santo Padre.<\/p>\n<p>Foto: IPA Agency<\/p>\n<p>(ITALPRESS).<\/p>\n","protected":false},"excerpt":{"rendered":"<p>ROMA (ITALPRESS) \u2013 \u201cOggi \u00e8 una festa bellissima per tutta l\u2019Italia, la chiesa e il mondo per questa solenne celebrazione di canonizzazione. Voglio mandare un saluto a tutti voi, perch\u00e8 se da una parte \u00e8 una celebrazione solenne, dall\u2019altra \u00e8 un giorno di molta gioia e voglio salutare tutti i ...<\/p>\n","protected":false},"author":1,"featured_media":11216,"comment_status":"open","ping_status":"open","sticky":false,"template":"","format":"standard","meta":{"footnotes":""},"categories":[572],"tags":[],"class_list":["post-11215","post","type-post","status-publish","format-standard","has-post-thumbnail","hentry","category-news"],"_links":{"self":[{"href":"https:\/\/radioitaliauno.it\/index.php?rest_route=\/wp\/v2\/posts\/11215","targetHints":{"allow":["GET"]}}],"collection":[{"href":"https:\/\/radioitaliauno.it\/index.php?rest_route=\/wp\/v2\/posts"}],"about":[{"href":"https:\/\/radioitaliauno.it\/index.php?rest_route=\/wp\/v2\/types\/post"}],"author":[{"embeddable":true,"href":"https:\/\/radioitaliauno.it\/index.php?rest_route=\/wp\/v2\/users\/1"}],"replies":[{"embeddable":true,"href":"https:\/\/radioitaliauno.it\/index.php?rest_route=%2Fwp%2Fv2%2Fcomments&post=11215"}],"version-history":[{"count":0,"href":"https:\/\/radioitaliauno.it\/index.php?rest_route=\/wp\/v2\/posts\/11215\/revisions"}],"wp:featuredmedia":[{"embeddable":true,"href":"https:\/\/radioitaliauno.it\/index.php?rest_route=\/wp\/v2\/media\/11216"}],"wp:attachment":[{"href":"https:\/\/radioitaliauno.it\/index.php?rest_route=%2Fwp%2Fv2%2Fmedia&parent=11215"}],"wp:term":[{"taxonomy":"category","embeddable":true,"href":"https:\/\/radioitaliauno.it\/index.php?rest_route=%2Fwp%2Fv2%2Fcategories&post=11215"},{"taxonomy":"post_tag","embeddable":true,"href":"https:\/\/radioitaliauno.it\/index.php?rest_route=%2Fwp%2Fv2%2Ftags&post=11215"}],"curies":[{"name":"wp","href":"https:\/\/api.w.org\/{rel}","templated":true}]}}