{"id":11255,"date":"2025-09-12T13:30:02","date_gmt":"2025-09-12T11:30:02","guid":{"rendered":"https:\/\/radioitaliauno.it\/?p=11255"},"modified":"2025-09-12T13:30:02","modified_gmt":"2025-09-12T11:30:02","slug":"rabiot-al-milan-per-allegri-e-per-vincere-voglio-fare-10-gol","status":"publish","type":"post","link":"https:\/\/radioitaliauno.it\/?p=11255","title":{"rendered":"Rabiot \u201cAl Milan per Allegri e per vincere, voglio fare 10 gol\u201d"},"content":{"rendered":"<p><img fetchpriority=\"high\" decoding=\"async\" width=\"1200\" height=\"800\" src=\"https:\/\/www.italpress.com\/wp-content\/uploads\/2025\/09\/20250912_0902.jpg\" class=\"webfeedsFeaturedVisual wp-post-image\" alt=\"Rabiot \u201cAl Milan per Allegri e per vincere, voglio fare 10 gol\u201d\" title=\"Rabiot \u201cAl Milan per Allegri e per vincere, voglio fare 10 gol\u201d\" srcset=\"https:\/\/www.italpress.com\/wp-content\/uploads\/2025\/09\/20250912_0902.jpg 1200w, https:\/\/www.italpress.com\/wp-content\/uploads\/2025\/09\/20250912_0902-300x200.jpg 300w, https:\/\/www.italpress.com\/wp-content\/uploads\/2025\/09\/20250912_0902-1024x683.jpg 1024w, https:\/\/www.italpress.com\/wp-content\/uploads\/2025\/09\/20250912_0902-768x512.jpg 768w, https:\/\/www.italpress.com\/wp-content\/uploads\/2025\/09\/20250912_0902-696x464.jpg 696w, https:\/\/www.italpress.com\/wp-content\/uploads\/2025\/09\/20250912_0902-1068x712.jpg 1068w, https:\/\/www.italpress.com\/wp-content\/uploads\/2025\/09\/20250912_0902-630x420.jpg 630w\" sizes=\"(max-width: 1200px) 100vw, 1200px\"><\/p>\n<p>MILANO (ITALPRESS) \u2013 <em>\u201cHo grande voglia di giocare, sono pronto e sono allenato. Se il mister mi mette in campo titolare subito, sono pronto gi\u00e0 dal match col Bologna a dare una mano alla squadra\u201d<\/em>. Cos\u00ec Adrien <strong>Rabiot<\/strong> nella prima conferenza stampa da giocatore del <strong>Milan.<\/strong><em> \u201cCon Allegri mi sono trovato bene alla Juve. Lui vive di passione per il calcio. Ha la mentalit\u00e0 giusta. Oltre a esser un grande allenatore \u00e8 anche una grande persona. Sono contento di ritrovarlo qui al Milan\u201d,<\/em> ha aggiunto il centrocampista francese, approdato in rossonero \u201cper il mister\u201d e \u201cper vincere\u201d.<\/p>\n<p><em> \u201cE\u2019 stato fatto tutto negli ultimi giorni di mercato. Ho parlato con Allegri quando \u00e8 arrivato al Milan, ma avevo un contratto con il Marsiglia. Poi quando \u00e8 successo quello che \u00e8 successo all\u2019OM il mister mi ha richiamato, mi ha raccontato il progetto e alla fine \u00e8 andato tutto in modo veloce e siamo riusciti a chiudere questa trattativa\u201d<\/em>, ha spiegato Rabiot in merito al suo trasferimento. \u201c<em>Sono qui per aiutare il Milan a tornare a vincere. Lo scorso anno \u00e8 andato male per questo club, che deve sempre lottare per un posto in Champions e per vincere dei trofei. Sono qui per portare la mia leadership e il mio carattere. Credo di aver fatto la scelta giusta nel venire qui al Milan. Voglio tornare a giocare la Champions e farlo con questo club\u201d,<\/em> ha detto ancora il francese.<\/p>\n<p><em>\u201cSono qui per fare qualche cosa di grande. Chiaramente voglio vincere e sogno lo scudetto. Non c\u2019\u00e8 solo il mio desiderio per\u00f2: io cercher\u00f2 di fare tutto per portare la squadra in alto. Voglio fare almeno dieci gol, poi se potr\u00f2 farne di pi\u00f9 meglio. Negli ultimi anni, parlando con Allegri e De Zerbi, mi hanno convinto che posso essere un giocatore bravo negli inserimenti in area e a fare gol. Rowe? Con lui non c\u2019\u00e8 nulla di speciale, ci siamo mandati dei messaggi dopo che lui \u00e8 andato al Bologna e io al Milan. Ci vedremo domenica a San Siro, sar\u00e0 anche bello vederlo. Lui \u00e8 un bravo ragazzo. Quello che \u00e8 successo a Marsiglia \u00e8 una cosa che pu\u00f2 succedere ovunque, non ha cambiato il nostro rapporto. Sar\u00f2 contento di vederlo e anche per lui sar\u00e0 cos\u00ec\u201d,<\/em> ha concluso il neo rossonero parlando dell\u2019ex compagno all\u2019OM: la lite fra i due ha di fatto portato alla cessione di entrambi.<\/p>\n<p>\u2013 foto Ipa Agency \u2013<\/p>\n<p>(ITALPRESS).<\/p>\n","protected":false},"excerpt":{"rendered":"<p>MILANO (ITALPRESS) \u2013 \u201cHo grande voglia di giocare, sono pronto e sono allenato. Se il mister mi mette in campo titolare subito, sono pronto gi\u00e0 dal match col Bologna a dare una mano alla squadra\u201d. Cos\u00ec Adrien Rabiot nella prima conferenza stampa da giocatore del Milan. \u201cCon Allegri mi sono ...<\/p>\n","protected":false},"author":1,"featured_media":11256,"comment_status":"open","ping_status":"open","sticky":false,"template":"","format":"standard","meta":{"footnotes":""},"categories":[572],"tags":[],"class_list":["post-11255","post","type-post","status-publish","format-standard","has-post-thumbnail","hentry","category-news"],"_links":{"self":[{"href":"https:\/\/radioitaliauno.it\/index.php?rest_route=\/wp\/v2\/posts\/11255","targetHints":{"allow":["GET"]}}],"collection":[{"href":"https:\/\/radioitaliauno.it\/index.php?rest_route=\/wp\/v2\/posts"}],"about":[{"href":"https:\/\/radioitaliauno.it\/index.php?rest_route=\/wp\/v2\/types\/post"}],"author":[{"embeddable":true,"href":"https:\/\/radioitaliauno.it\/index.php?rest_route=\/wp\/v2\/users\/1"}],"replies":[{"embeddable":true,"href":"https:\/\/radioitaliauno.it\/index.php?rest_route=%2Fwp%2Fv2%2Fcomments&post=11255"}],"version-history":[{"count":0,"href":"https:\/\/radioitaliauno.it\/index.php?rest_route=\/wp\/v2\/posts\/11255\/revisions"}],"wp:featuredmedia":[{"embeddable":true,"href":"https:\/\/radioitaliauno.it\/index.php?rest_route=\/wp\/v2\/media\/11256"}],"wp:attachment":[{"href":"https:\/\/radioitaliauno.it\/index.php?rest_route=%2Fwp%2Fv2%2Fmedia&parent=11255"}],"wp:term":[{"taxonomy":"category","embeddable":true,"href":"https:\/\/radioitaliauno.it\/index.php?rest_route=%2Fwp%2Fv2%2Fcategories&post=11255"},{"taxonomy":"post_tag","embeddable":true,"href":"https:\/\/radioitaliauno.it\/index.php?rest_route=%2Fwp%2Fv2%2Ftags&post=11255"}],"curies":[{"name":"wp","href":"https:\/\/api.w.org\/{rel}","templated":true}]}}