{"id":11257,"date":"2025-09-12T10:25:02","date_gmt":"2025-09-12T08:25:02","guid":{"rendered":"https:\/\/radioitaliauno.it\/?p=11257"},"modified":"2025-09-12T10:25:02","modified_gmt":"2025-09-12T08:25:02","slug":"ue-mattarella-ventotene-luogo-ispiratore-di-pace-e-democrazia","status":"publish","type":"post","link":"https:\/\/radioitaliauno.it\/?p=11257","title":{"rendered":"Ue, Mattarella \u201cVentotene luogo ispiratore di pace e democrazia\u201d"},"content":{"rendered":"<p><img fetchpriority=\"high\" decoding=\"async\" width=\"1200\" height=\"865\" src=\"https:\/\/www.italpress.com\/wp-content\/uploads\/2025\/09\/20250912_0265.jpg\" class=\"webfeedsFeaturedVisual wp-post-image\" alt=\"Ue, Mattarella \u201cVentotene luogo ispiratore di pace e democrazia\u201d\" title=\"Ue, Mattarella \u201cVentotene luogo ispiratore di pace e democrazia\u201d\" srcset=\"https:\/\/www.italpress.com\/wp-content\/uploads\/2025\/09\/20250912_0265.jpg 1200w, https:\/\/www.italpress.com\/wp-content\/uploads\/2025\/09\/20250912_0265-300x216.jpg 300w, https:\/\/www.italpress.com\/wp-content\/uploads\/2025\/09\/20250912_0265-1024x738.jpg 1024w, https:\/\/www.italpress.com\/wp-content\/uploads\/2025\/09\/20250912_0265-768x554.jpg 768w, https:\/\/www.italpress.com\/wp-content\/uploads\/2025\/09\/20250912_0265-324x235.jpg 324w, https:\/\/www.italpress.com\/wp-content\/uploads\/2025\/09\/20250912_0265-696x502.jpg 696w, https:\/\/www.italpress.com\/wp-content\/uploads\/2025\/09\/20250912_0265-1068x770.jpg 1068w, https:\/\/www.italpress.com\/wp-content\/uploads\/2025\/09\/20250912_0265-583x420.jpg 583w\" sizes=\"(max-width: 1200px) 100vw, 1200px\"><\/p>\n<p>ROMA (ITALPRESS) \u2013 <em>\u201cVentotene da luogo di reclusione e oppressione sull\u2019uomo e segno dell\u2019assolutismo che grav\u00f2 sull\u2019Italia con il regime fascista, si \u00e8 trasformata da tempo in uno dei luoghi ispiratori della affermazione dei valori di pace e democrazia che contraddistinguono l\u2019esperienza di ci\u00f2 che \u00e8 divenuta la Unione Europea. Un luogo in cui vennero messi a dimora i semi della libert\u00e0 e di quel federalismo che hanno arricchito il dibattito dei popoli europei verso la meta di una unione di popoli indipendenti e liberi\u201d<\/em>. Lo afferma il Presidente della Repubblica, Sergio <strong>Mattarella,<\/strong> in occasione della prima Conferenza Europea di <strong>Ventotene<\/strong> per la Pace e la Democrazia, in un messaggio inviato alla Vice Presidente del Parlamento Europeo, Pina Picierno.<\/p>\n<p><em> \u201cFare l\u2019Europa per superare la logica del conflitto e delle guerre, per evitare la oppressione dell\u2019uomo sull\u2019uomo, per ribadire la dignit\u00e0 di ogni essere umano, di ogni persona. Questo fu il messaggio potente che venne dagli esponenti antifascisti reclusi nell\u2019isola, la cui lezione di vita rappresenta un esempio per le giovani generazioni\u201d,<\/em> aggiunge. Per Mattarella \u201c<em>i momenti formativi e di incontro che si succedono suonano conferma dell\u2019attualit\u00e0 di ci\u00f2 che a Ventotene, nelle sofferenze del confino, nacque. E\u2019 un compito destinato a riproporsi per ogni generazione, quello di inverare i valori di libert\u00e0 che caratterizzarono la battaglia dei fondatori. A tutti i partecipanti all\u2019odierna iniziativa giungano auguri di buon lavoro\u201d<\/em>.<\/p>\n<p>\u2013 foto Ipa Agency \u2013<\/p>\n<p>(ITALPRESS).<\/p>\n","protected":false},"excerpt":{"rendered":"<p>ROMA (ITALPRESS) \u2013 \u201cVentotene da luogo di reclusione e oppressione sull\u2019uomo e segno dell\u2019assolutismo che grav\u00f2 sull\u2019Italia con il regime fascista, si \u00e8 trasformata da tempo in uno dei luoghi ispiratori della affermazione dei valori di pace e democrazia che contraddistinguono l\u2019esperienza di ci\u00f2 che \u00e8 divenuta la Unione Europea. ...<\/p>\n","protected":false},"author":1,"featured_media":11258,"comment_status":"open","ping_status":"open","sticky":false,"template":"","format":"standard","meta":{"footnotes":""},"categories":[572],"tags":[],"class_list":["post-11257","post","type-post","status-publish","format-standard","has-post-thumbnail","hentry","category-news"],"_links":{"self":[{"href":"https:\/\/radioitaliauno.it\/index.php?rest_route=\/wp\/v2\/posts\/11257","targetHints":{"allow":["GET"]}}],"collection":[{"href":"https:\/\/radioitaliauno.it\/index.php?rest_route=\/wp\/v2\/posts"}],"about":[{"href":"https:\/\/radioitaliauno.it\/index.php?rest_route=\/wp\/v2\/types\/post"}],"author":[{"embeddable":true,"href":"https:\/\/radioitaliauno.it\/index.php?rest_route=\/wp\/v2\/users\/1"}],"replies":[{"embeddable":true,"href":"https:\/\/radioitaliauno.it\/index.php?rest_route=%2Fwp%2Fv2%2Fcomments&post=11257"}],"version-history":[{"count":0,"href":"https:\/\/radioitaliauno.it\/index.php?rest_route=\/wp\/v2\/posts\/11257\/revisions"}],"wp:featuredmedia":[{"embeddable":true,"href":"https:\/\/radioitaliauno.it\/index.php?rest_route=\/wp\/v2\/media\/11258"}],"wp:attachment":[{"href":"https:\/\/radioitaliauno.it\/index.php?rest_route=%2Fwp%2Fv2%2Fmedia&parent=11257"}],"wp:term":[{"taxonomy":"category","embeddable":true,"href":"https:\/\/radioitaliauno.it\/index.php?rest_route=%2Fwp%2Fv2%2Fcategories&post=11257"},{"taxonomy":"post_tag","embeddable":true,"href":"https:\/\/radioitaliauno.it\/index.php?rest_route=%2Fwp%2Fv2%2Ftags&post=11257"}],"curies":[{"name":"wp","href":"https:\/\/api.w.org\/{rel}","templated":true}]}}