{"id":11267,"date":"2025-09-13T12:25:02","date_gmt":"2025-09-13T10:25:02","guid":{"rendered":"https:\/\/radioitaliauno.it\/?p=11267"},"modified":"2025-09-13T12:25:02","modified_gmt":"2025-09-13T10:25:02","slug":"meloni-accusati-di-odio-da-chi-festeggia-lomicidio-di-charlie-kirk","status":"publish","type":"post","link":"https:\/\/radioitaliauno.it\/?p=11267","title":{"rendered":"Meloni \u201cAccusati di odio da chi festeggia l\u2019omicidio di Charlie Kirk\u201d"},"content":{"rendered":"<p><img fetchpriority=\"high\" decoding=\"async\" width=\"1200\" height=\"799\" src=\"https:\/\/www.italpress.com\/wp-content\/uploads\/2025\/09\/20250913_0665.jpg\" class=\"webfeedsFeaturedVisual wp-post-image\" alt=\"Meloni \u201cAccusati di odio da chi festeggia l\u2019omicidio di Charlie Kirk\u201d\" title=\"Meloni \u201cAccusati di odio da chi festeggia l\u2019omicidio di Charlie Kirk\u201d\" srcset=\"https:\/\/www.italpress.com\/wp-content\/uploads\/2025\/09\/20250913_0665.jpg 1200w, https:\/\/www.italpress.com\/wp-content\/uploads\/2025\/09\/20250913_0665-300x200.jpg 300w, https:\/\/www.italpress.com\/wp-content\/uploads\/2025\/09\/20250913_0665-1024x682.jpg 1024w, https:\/\/www.italpress.com\/wp-content\/uploads\/2025\/09\/20250913_0665-768x511.jpg 768w, https:\/\/www.italpress.com\/wp-content\/uploads\/2025\/09\/20250913_0665-696x463.jpg 696w, https:\/\/www.italpress.com\/wp-content\/uploads\/2025\/09\/20250913_0665-1068x711.jpg 1068w, https:\/\/www.italpress.com\/wp-content\/uploads\/2025\/09\/20250913_0665-631x420.jpg 631w\" sizes=\"(max-width: 1200px) 100vw, 1200px\"><\/p>\n<p>ROMA (ITALPRESS) \u2013 \u201cVengo da una comunit\u00e0 politica che spesso \u00e8 stata accusata di diffondere odio, e guarda un p\u00f2, dagli stessi che ora festeggiano e giustificano l\u2019omicidio di un ragazzo che aveva la colpa di difendere con coraggio le sue idee\u201d. Lo dice il presidente del Consiglio Giorgia Meloni, intervenendo alla Festa nazionale dell\u2019Udc, a Roma, in merito all\u2019omicidio di Charlie Kirk.<br \/>\u201cIl clima anche in Italia sta diventando insostenibile\u201d, aggiunge il premier, che spiega: \u201cHo letto commenti disumani sulla morte di Charlie Kirk. Odifreddi ha detto che sparare a Martin Luther Kink e a un rappresentante MAGA non \u00e8 la stessa cosa. Dobbiamo immaginare pene inferiori per chi spara a un esponente di destra? Credo sia arrivato il momento di chiedere conto alla sinistra italiana di questo continuo minimizzare o giustificazionismo della violenza contro chi non la pensa come loro. E\u2019 ora di dire chiaramente che queste tesi sono pericolose, impresentabili e antitetiche a qualsiasi embrione di democrazia\u201d.<\/p>\n<p>\u2013 Foto IPA Agency \u2013<\/p>\n<p>(ITALPRESS).<\/p>\n","protected":false},"excerpt":{"rendered":"<p>ROMA (ITALPRESS) \u2013 \u201cVengo da una comunit\u00e0 politica che spesso \u00e8 stata accusata di diffondere odio, e guarda un p\u00f2, dagli stessi che ora festeggiano e giustificano l\u2019omicidio di un ragazzo che aveva la colpa di difendere con coraggio le sue idee\u201d. Lo dice il presidente del Consiglio Giorgia Meloni, ...<\/p>\n","protected":false},"author":1,"featured_media":11268,"comment_status":"open","ping_status":"open","sticky":false,"template":"","format":"standard","meta":{"footnotes":""},"categories":[572],"tags":[],"class_list":["post-11267","post","type-post","status-publish","format-standard","has-post-thumbnail","hentry","category-news"],"_links":{"self":[{"href":"https:\/\/radioitaliauno.it\/index.php?rest_route=\/wp\/v2\/posts\/11267","targetHints":{"allow":["GET"]}}],"collection":[{"href":"https:\/\/radioitaliauno.it\/index.php?rest_route=\/wp\/v2\/posts"}],"about":[{"href":"https:\/\/radioitaliauno.it\/index.php?rest_route=\/wp\/v2\/types\/post"}],"author":[{"embeddable":true,"href":"https:\/\/radioitaliauno.it\/index.php?rest_route=\/wp\/v2\/users\/1"}],"replies":[{"embeddable":true,"href":"https:\/\/radioitaliauno.it\/index.php?rest_route=%2Fwp%2Fv2%2Fcomments&post=11267"}],"version-history":[{"count":0,"href":"https:\/\/radioitaliauno.it\/index.php?rest_route=\/wp\/v2\/posts\/11267\/revisions"}],"wp:featuredmedia":[{"embeddable":true,"href":"https:\/\/radioitaliauno.it\/index.php?rest_route=\/wp\/v2\/media\/11268"}],"wp:attachment":[{"href":"https:\/\/radioitaliauno.it\/index.php?rest_route=%2Fwp%2Fv2%2Fmedia&parent=11267"}],"wp:term":[{"taxonomy":"category","embeddable":true,"href":"https:\/\/radioitaliauno.it\/index.php?rest_route=%2Fwp%2Fv2%2Fcategories&post=11267"},{"taxonomy":"post_tag","embeddable":true,"href":"https:\/\/radioitaliauno.it\/index.php?rest_route=%2Fwp%2Fv2%2Ftags&post=11267"}],"curies":[{"name":"wp","href":"https:\/\/api.w.org\/{rel}","templated":true}]}}