{"id":11283,"date":"2025-09-13T19:40:02","date_gmt":"2025-09-13T17:40:02","guid":{"rendered":"https:\/\/radioitaliauno.it\/?p=11283"},"modified":"2025-09-13T19:40:02","modified_gmt":"2025-09-13T17:40:02","slug":"calenda-offende-sicilia-schifani-abbandona-festa-giovani-forza-italia","status":"publish","type":"post","link":"https:\/\/radioitaliauno.it\/?p=11283","title":{"rendered":"\u201cCalenda offende Sicilia\u201d, Schifani abbandona festa Giovani Forza Italia"},"content":{"rendered":"<p><img fetchpriority=\"high\" decoding=\"async\" width=\"1200\" height=\"800\" src=\"https:\/\/www.italpress.com\/wp-content\/uploads\/2025\/09\/20250913_1552.jpg\" class=\"webfeedsFeaturedVisual wp-post-image\" alt=\"\u201cCalenda offende Sicilia\u201d, Schifani abbandona festa Giovani Forza Italia\" title=\"\u201cCalenda offende Sicilia\u201d, Schifani abbandona festa Giovani Forza Italia\" srcset=\"https:\/\/www.italpress.com\/wp-content\/uploads\/2025\/09\/20250913_1552.jpg 1200w, https:\/\/www.italpress.com\/wp-content\/uploads\/2025\/09\/20250913_1552-300x200.jpg 300w, https:\/\/www.italpress.com\/wp-content\/uploads\/2025\/09\/20250913_1552-1024x683.jpg 1024w, https:\/\/www.italpress.com\/wp-content\/uploads\/2025\/09\/20250913_1552-768x512.jpg 768w, https:\/\/www.italpress.com\/wp-content\/uploads\/2025\/09\/20250913_1552-696x464.jpg 696w, https:\/\/www.italpress.com\/wp-content\/uploads\/2025\/09\/20250913_1552-1068x712.jpg 1068w, https:\/\/www.italpress.com\/wp-content\/uploads\/2025\/09\/20250913_1552-630x420.jpg 630w\" sizes=\"(max-width: 1200px) 100vw, 1200px\"><\/p>\n<p>ROMA (ITALPRESS) \u2013 Il presidente della Regione Siciliana, <strong>Renato Schifani, ha abbandonato la convention \u201cAzzurra Libert\u00e0\u201d,<\/strong> la tre giorni dei Giovani di Forza Italia in corso a San Benedetto del Tronto, <strong>dopo un diverbio con il leader di Azione Carlo Calenda. <\/strong>Secondo quanto si apprende, tutto \u00e8 accaduto fuori dal tendone, poco prima dell\u2019intervento di Calenda sul palco. Vedendo arrivare Calenda, il governatore siciliano si \u00e8 fermato a salutarlo. \u201c<strong><em>Tu sai cosa penso della Sicilia, \u00e8 da cancellare, da cancellare\u201d<\/em><\/strong>, la risposta del segretario di Azione. Schifani ha quindi ribattuto che la Sicilia \u00e8 la Regione che \u00e8 crescita di pi\u00f9 in Italia in termini di Pil, ma Calenda ha poi criticato chi non vuole abolire il voto segreto: \u201cDevono andarsene al confino\u201d.<\/p>\n<p>Mentre il leader di Azione entrava nella sala per fare il suo intervento<strong>, Schifani ha deciso quindi di abbandonare la kermesse<\/strong>, rinunciando al suo intervento previsto proprio dopo quello di Calenda, e di rientrare a Palermo. <strong>Raggiunto telefonicamente dall\u2019Italpress, Schifani si dice <em>\u201ccolpito e amareggiato.<\/em><\/strong><em> E\u2019 la prima volta in vita mia che mi succede un episodio del genere, spero sia il primo e l\u2019ultimo, per i siciliani soprattutto\u201d. \u201cCome siciliano e come presidente della Regione Siciliana non posso tollerare le gravi parole pronunciate da Carlo Calenda a San Benedetto del Tronto, quando ha detto che la Sicilia \u00abdovrebbe affondare\u00bb e che le Regioni andrebbero cancellate. Parole pronunciate per di pi\u00f9 da un leader politico e rappresentante delle istituzioni<\/em> \u2013 sottolinea poi Schifani in un post su Facebook -. <em>Ho provato a ribattere con i fatti e con i risultati ottenuti ma di fronte a un cieco pregiudizio ho rinunciato a discutere. La Regione Siciliana merita rispetto, come le sue Istituzioni, e continuer\u00f2 a difenderla in ogni sede e da chiunque, con seriet\u00e0 e dignit\u00e0 istituzionale\u201d.<\/em><\/p>\n<p><em><strong>\u201cMi spiace che Schifani si sia offeso. Semplicemente gli ho detto ci\u00f2 che penso.<\/strong> I siciliani sono vittime di una sistema clientelare, costoso e inefficiente. Un sistema che non \u00e8 nato ieri ma che ha accompagnato la storia della Regione dallo statuto speciale\u201d<\/em>, <strong>afferma Carlo Calenda.<\/strong><\/p>\n<p>Per <strong>Marcello Caruso, coordinatore regionale di Forza Italia in Sicilia<\/strong>, <em>\u201c<strong>Carlo Calenda ha superato ogni limite<\/strong> con un comportamento inqualificabile sotto ogni profilo, sia politico che della semplice buona educazione. Calenda deve pubbliche scuse non solo al Presidente Schifani, ma anche a tutti i siciliani per aver messo in discussione il lavoro di una Regione i cui risultati sono evidenti e riconosciuti da tutti<\/em> \u2013 prosegue -. <em>Una Regione che non si presenta pi\u00f9 a Roma col cappello in mano ma i cui risultati economici e occupazionali stanno dando un grande contributo al rilancio del Paese. Una condotta cos\u00ec superficiale e aggressiva come quella tenuta oggi da Calenda, di cui nessuno ricorda interventi a favore della Sicilia, non pu\u00f2 passare sotto silenzio\u201d.<\/em><\/p>\n<p><em>\u201cIl Movimento Giovanile di Forza Italia della Sicilia esprime la pi\u00f9 <strong>piena solidariet\u00e0 al Presidente della Regione, Renato Schifani<\/strong>, oggetto di un gravissimo attacco verbale da parte del senatore Carlo Calenda nel corso della Festa Nazionale dei Giovani di Forza Italia\u201d<\/em>, dichiara il <strong>segretario regionale di Forza Italia Giovani Fabrizio Tantillo.<\/strong> <em>\u201cQuanto accaduto rappresenta un\u2019aggressione inaccettabile sia nei contenuti \u2013 in palese contrasto con i risultati eccellenti del governo regionale, certificati a livello nazionale e internazionale da tutti i dati sull\u2019andamento economico, occupazionale e imprenditoriale \u2013 sia nel momento e nel luogo in cui \u00e8 avvenuta<\/em> \u2013 prosegue -. <em>L\u2019episodio denota una grave carenza di sensibilit\u00e0 istituzionale e politica da parte di Calenda, che ha scelto di offendere non solo il Presidente Schifani ma l\u2019intera comunit\u00e0 siciliana in un contesto dedicato ai giovani e al loro futuro. Un gesto indecoroso che Forza Italia Giovani Sicilia condanna con la massima fermezza\u201d.<\/em><\/p>\n<p><strong>Il presidente del Gruppo Parlamentare di Forza Italia all\u2019ARS Stefano Pellegrino<\/strong>, interviene a nome di tutti i deputati regionali del partito per esprimere <em>\u201cpiena solidariet\u00e0 al Presidente della Regione Renato Schifani\u201d. <strong>\u201cEsprimiamo la nostra pi\u00f9 ferma solidariet\u00e0 al Presidente Schifani<\/strong> per gli inaccettabili attacchi verbali ricevuti dal senatore Calenda nel corso di una manifestazione pubblica del nostro partito. Appare quantomai singolare \u2013 e profondamente incoerente \u2013 che tali affermazioni provengano da un rappresentante eletto in Sicilia, quando negli ultimi tre anni non risulta chiara quale azione concreta abbia mai intrapreso in sede parlamentare per rappresentare e tutelare gli interessi della nostra Regione. L\u2019aggressione risulta tanto pi\u00f9 grave considerando i risultati tangibili ottenuti dal Governo Schifani, riconosciuti da tutti gli indicatori economici e occupazionali che collocano la Sicilia in una posizione di crescita senza precedenti<\/em> \u2013 prosegue -. <em>Appare ancor pi\u00f9 deplorevole la scelta del luogo e del contesto in cui \u00e8 avvenuto l\u2019episodio, che dimostra una preoccupante mancanza di rispetto non solo verso le istituzioni regionali ma verso l\u2019intera comunit\u00e0 siciliana. Il Gruppo Parlamentare di Forza Italia esprime la propria totale vicinanza al Presidente Schifani e ribadisce il proprio impegno a sostegno della sua azione di governo per il bene della Sicilia e dei siciliani\u201d.<\/em><\/p>\n<p>\u2013 Foto IPA Agency \u2013<\/p>\n<p>(ITALPRESS).<\/p>\n","protected":false},"excerpt":{"rendered":"<p>ROMA (ITALPRESS) \u2013 Il presidente della Regione Siciliana, Renato Schifani, ha abbandonato la convention \u201cAzzurra Libert\u00e0\u201d, la tre giorni dei Giovani di Forza Italia in corso a San Benedetto del Tronto, dopo un diverbio con il leader di Azione Carlo Calenda. Secondo quanto si apprende, tutto \u00e8 accaduto fuori dal ...<\/p>\n","protected":false},"author":1,"featured_media":11284,"comment_status":"open","ping_status":"open","sticky":false,"template":"","format":"standard","meta":{"footnotes":""},"categories":[572],"tags":[],"class_list":["post-11283","post","type-post","status-publish","format-standard","has-post-thumbnail","hentry","category-news"],"_links":{"self":[{"href":"https:\/\/radioitaliauno.it\/index.php?rest_route=\/wp\/v2\/posts\/11283","targetHints":{"allow":["GET"]}}],"collection":[{"href":"https:\/\/radioitaliauno.it\/index.php?rest_route=\/wp\/v2\/posts"}],"about":[{"href":"https:\/\/radioitaliauno.it\/index.php?rest_route=\/wp\/v2\/types\/post"}],"author":[{"embeddable":true,"href":"https:\/\/radioitaliauno.it\/index.php?rest_route=\/wp\/v2\/users\/1"}],"replies":[{"embeddable":true,"href":"https:\/\/radioitaliauno.it\/index.php?rest_route=%2Fwp%2Fv2%2Fcomments&post=11283"}],"version-history":[{"count":0,"href":"https:\/\/radioitaliauno.it\/index.php?rest_route=\/wp\/v2\/posts\/11283\/revisions"}],"wp:featuredmedia":[{"embeddable":true,"href":"https:\/\/radioitaliauno.it\/index.php?rest_route=\/wp\/v2\/media\/11284"}],"wp:attachment":[{"href":"https:\/\/radioitaliauno.it\/index.php?rest_route=%2Fwp%2Fv2%2Fmedia&parent=11283"}],"wp:term":[{"taxonomy":"category","embeddable":true,"href":"https:\/\/radioitaliauno.it\/index.php?rest_route=%2Fwp%2Fv2%2Fcategories&post=11283"},{"taxonomy":"post_tag","embeddable":true,"href":"https:\/\/radioitaliauno.it\/index.php?rest_route=%2Fwp%2Fv2%2Ftags&post=11283"}],"curies":[{"name":"wp","href":"https:\/\/api.w.org\/{rel}","templated":true}]}}