{"id":11290,"date":"2025-09-15T11:05:02","date_gmt":"2025-09-15T09:05:02","guid":{"rendered":"https:\/\/radioitaliauno.it\/?p=11290"},"modified":"2025-09-15T11:05:02","modified_gmt":"2025-09-15T09:05:02","slug":"gravina-pazienza-e-costanza-italia-puo-qualificarsi-al-mondiale","status":"publish","type":"post","link":"https:\/\/radioitaliauno.it\/?p=11290","title":{"rendered":"Gravina \u201cPazienza e costanza, Italia pu\u00f2 qualificarsi al Mondiale\u201d"},"content":{"rendered":"<p><img fetchpriority=\"high\" decoding=\"async\" width=\"1200\" height=\"800\" src=\"https:\/\/www.italpress.com\/wp-content\/uploads\/2025\/09\/20250915_0359.jpg\" class=\"webfeedsFeaturedVisual wp-post-image\" alt=\"Gravina \u201cPazienza e costanza, Italia pu\u00f2 qualificarsi al Mondiale\u201d\" title=\"Gravina \u201cPazienza e costanza, Italia pu\u00f2 qualificarsi al Mondiale\u201d\" srcset=\"https:\/\/www.italpress.com\/wp-content\/uploads\/2025\/09\/20250915_0359.jpg 1200w, https:\/\/www.italpress.com\/wp-content\/uploads\/2025\/09\/20250915_0359-300x200.jpg 300w, https:\/\/www.italpress.com\/wp-content\/uploads\/2025\/09\/20250915_0359-1024x683.jpg 1024w, https:\/\/www.italpress.com\/wp-content\/uploads\/2025\/09\/20250915_0359-768x512.jpg 768w, https:\/\/www.italpress.com\/wp-content\/uploads\/2025\/09\/20250915_0359-696x464.jpg 696w, https:\/\/www.italpress.com\/wp-content\/uploads\/2025\/09\/20250915_0359-1068x712.jpg 1068w, https:\/\/www.italpress.com\/wp-content\/uploads\/2025\/09\/20250915_0359-630x420.jpg 630w\" sizes=\"(max-width: 1200px) 100vw, 1200px\"><\/p>\n<p>ROMA (ITALPRESS) \u2013 <strong><em>\u201cIl movimento \u00e8 vivo, ma manca quel tassello che non abbiamo centrato per due volte\u201d.<\/em> <\/strong>E\u2019 la qualificazione ai Mondiali il grande tarlo del tifoso azzurro, e dunque del presidente della Federcalcio <strong>Gabriele Gravin<\/strong>a che, dopo i risultati ottenuti da under 20, 17 e nel beach soccer, \u00e8 certo che nemmeno la Nazionale di Gattuso tradir\u00e0 le attese, nonostante il play-off sia ormai quasi certo dopo la goleada della Norvegia alla Moldova. <em><strong>\u201cLo spirito del gruppo mi \u00e8 piaciuto tantissimo<\/strong>, la mano di Gattuso gi\u00e0 si vede: abbiamo la qualit\u00e0 e le potenzialit\u00e0 per centrare questo obiettivo<\/em> \u2013 sottolinea il numero uno della Figc, ospite di \u2018Radio Anch\u2019io Sport\u2019 su Rai Radio 1 \u2013 <em>Dobbiamo avere pazienza e costanza, grande impegno e determinazione nel vincere tutte le partite che restano da qui al 16 novembre anche al 92\u2032, come fatto in Ungheria, e poi tireremo le somme, Se la squadra continua a crescere e recuperiamo qualche calciatore di caratura interazionale che Gattuso non ha avuto a disposizione, con un p\u00f2 di fortuna in pi\u00f9 rispetto al passato centreremo il nostro obiettivo\u201d.<\/em><\/p>\n<p>Su Italia-Israele a Udine: <em>\u201cSiamo addolorati, siamo cittadini del mondo e ci teniamo al rispetto della dignit\u00e0 umana<\/em> \u2013 prosegue Gravina \u2013 <em><strong>Siamo molto vicini alle persone che soffrono in Palestina, particolarmente ai bambini e ai civili innocenti.<\/strong> <strong>Non giocare a Udine contro Israele vorrebbe anche dire non andare al Mondiale e agevolare Israele in questo percorso.<\/strong> Siamo a stretto contatto con il ministero dell\u2019Interno e stiamo coltivando la sensibilit\u00e0 dell\u2019opinione pubblica italiana su questo incontro. Non non siamo insensibili, ci coordineremo con la Uefa per attuare qualche iniziativa umanitaria\u201d.<\/em><\/p>\n<p>Tanti, forse troppi gli stranieri nel nostro campionato: <em>\u201cIl problema dell\u2019invasione degli stranieri, anche nei settori giovanili, con sempre meno giovani utilizzati nel nostro campionato di riferimento, resta un problema culturale e di strategia. C\u2019\u00e8 da segnalare per\u00f2 anche che sempre pi\u00f9 italiani giocano all\u2019estero e questo rafforza anche la nostra Nazionale, perch\u00e8 si acquisisce pi\u00f9 esperienza. Il talento c\u2019\u00e8, manca l\u2019opportunit\u00e0 di trasformarli in campioni, ma per farlo bisogna giocare. Ci dispiace che questo non avvenga in termini di valorizzazione da parte delle societ\u00e0 italiane\u201d.<\/em><\/p>\n<p>Detto di essere fiducioso sull\u2019ok dell\u2019Uefa per Milan-Como in Australia (<em>\u201cNon siamo favorevoli a sradicare l\u2019identit\u00e0 territoriale del nostro campionato, abbiamo dato l\u2019ok vista l\u2019eccezionalit\u00e0 della situazione, San Siro sar\u00e0 indisponibile per la cerimonia di apertura dei Giochi Invernali\u201d<\/em>), Gravina si sofferma anche sulla situazione stadi in Italia in vista degli Europei del 2032, che il Belpaese organizzer\u00e0 assieme alla Turchia: <em>\u201cAbbiamo bisogno di qualcosa che incentivi la nostra attivit\u00e0 e consenta a chi investe di avere un percorso agevolato. Io riscontro segnali positivi, li abbiamo raccolti nel giro delle citt\u00e0 candidate, e questi elementi positivi devono essere tramutati in fatti. Il privato ha voglia di investire ma deve essere supportato. <strong>Mi auguro che il governo e il ministero dello Sport possano agevolare questi processi e supportare le iniziative serie che stanno arrivando dal mondo del calcio\u201d.<\/strong><\/em><\/p>\n<p>Andando nello specifico,<em> \u201cTorino mi sembra gi\u00e0 una realt\u00e0 pronta, lo \u00e8 Roma e devo ringraziare Sport e Salute, che a breve incontrer\u00e0 l\u2019Uefa per un progetto di investimenti. Sono contento che c\u2019\u00e8 anche un\u2019altra opportunit\u00e0 per lo stadio della Roma, ma c\u2019\u00e8 fermento anche a Bologna, Cagliari, Palermo e una novit\u00e0 nell\u2019interesse della citt\u00e0 di Salerno. San Siro in vendita? <strong>Una citt\u00e0 come Milano non pu\u00f2 restare fuori dall\u2019individuazione dei cinque stadi per la fase finale di Euro2032.<\/strong> L\u2019auspicio<\/em> \u2013 conclude Gravina \u2013 <em>\u00e8 che i due club possano decidere di operare con un quadro pi\u00f9 chiaro e in tempi certi, anche qui con un pizzico di ottimismo ho motivo di credere che l\u2019amministrazione comunale di Milano non lascer\u00e0 cadere l\u2019intenzione delle due societ\u00e0 di realizzare una struttura moderna\u201d.<\/em><\/p>\n<p>\u2013 Foto Ipa Agency \u2013<br \/>\n(ITALPRESS).<\/p>\n","protected":false},"excerpt":{"rendered":"<p>ROMA (ITALPRESS) \u2013 \u201cIl movimento \u00e8 vivo, ma manca quel tassello che non abbiamo centrato per due volte\u201d. E\u2019 la qualificazione ai Mondiali il grande tarlo del tifoso azzurro, e dunque del presidente della Federcalcio Gabriele Gravina che, dopo i risultati ottenuti da under 20, 17 e nel beach soccer, ...<\/p>\n","protected":false},"author":1,"featured_media":11291,"comment_status":"open","ping_status":"open","sticky":false,"template":"","format":"standard","meta":{"footnotes":""},"categories":[572],"tags":[],"class_list":["post-11290","post","type-post","status-publish","format-standard","has-post-thumbnail","hentry","category-news"],"_links":{"self":[{"href":"https:\/\/radioitaliauno.it\/index.php?rest_route=\/wp\/v2\/posts\/11290","targetHints":{"allow":["GET"]}}],"collection":[{"href":"https:\/\/radioitaliauno.it\/index.php?rest_route=\/wp\/v2\/posts"}],"about":[{"href":"https:\/\/radioitaliauno.it\/index.php?rest_route=\/wp\/v2\/types\/post"}],"author":[{"embeddable":true,"href":"https:\/\/radioitaliauno.it\/index.php?rest_route=\/wp\/v2\/users\/1"}],"replies":[{"embeddable":true,"href":"https:\/\/radioitaliauno.it\/index.php?rest_route=%2Fwp%2Fv2%2Fcomments&post=11290"}],"version-history":[{"count":0,"href":"https:\/\/radioitaliauno.it\/index.php?rest_route=\/wp\/v2\/posts\/11290\/revisions"}],"wp:featuredmedia":[{"embeddable":true,"href":"https:\/\/radioitaliauno.it\/index.php?rest_route=\/wp\/v2\/media\/11291"}],"wp:attachment":[{"href":"https:\/\/radioitaliauno.it\/index.php?rest_route=%2Fwp%2Fv2%2Fmedia&parent=11290"}],"wp:term":[{"taxonomy":"category","embeddable":true,"href":"https:\/\/radioitaliauno.it\/index.php?rest_route=%2Fwp%2Fv2%2Fcategories&post=11290"},{"taxonomy":"post_tag","embeddable":true,"href":"https:\/\/radioitaliauno.it\/index.php?rest_route=%2Fwp%2Fv2%2Ftags&post=11290"}],"curies":[{"name":"wp","href":"https:\/\/api.w.org\/{rel}","templated":true}]}}