{"id":11298,"date":"2025-09-16T12:05:02","date_gmt":"2025-09-16T10:05:02","guid":{"rendered":"https:\/\/radioitaliauno.it\/?p=11298"},"modified":"2025-09-16T12:05:02","modified_gmt":"2025-09-16T10:05:02","slug":"ue-metsola-la-lotta-alla-criminalita-resta-una-nostra-priorita","status":"publish","type":"post","link":"https:\/\/radioitaliauno.it\/?p=11298","title":{"rendered":"Ue, Metsola \u201cLa lotta alla criminalit\u00e0 resta una nostra priorit\u00e0\u201d"},"content":{"rendered":"<p><img fetchpriority=\"high\" decoding=\"async\" width=\"1440\" height=\"1080\" src=\"https:\/\/www.italpress.com\/wp-content\/uploads\/2025\/09\/20250916_0493.jpg\" class=\"webfeedsFeaturedVisual wp-post-image\" alt=\"Ue, Metsola \u201cLa lotta alla criminalit\u00e0 resta una nostra priorit\u00e0\u201d\" title=\"Ue, Metsola \u201cLa lotta alla criminalit\u00e0 resta una nostra priorit\u00e0\u201d\" srcset=\"https:\/\/www.italpress.com\/wp-content\/uploads\/2025\/09\/20250916_0493.jpg 1440w, https:\/\/www.italpress.com\/wp-content\/uploads\/2025\/09\/20250916_0493-300x225.jpg 300w, https:\/\/www.italpress.com\/wp-content\/uploads\/2025\/09\/20250916_0493-1024x768.jpg 1024w, https:\/\/www.italpress.com\/wp-content\/uploads\/2025\/09\/20250916_0493-768x576.jpg 768w, https:\/\/www.italpress.com\/wp-content\/uploads\/2025\/09\/20250916_0493-80x60.jpg 80w, https:\/\/www.italpress.com\/wp-content\/uploads\/2025\/09\/20250916_0493-265x198.jpg 265w, https:\/\/www.italpress.com\/wp-content\/uploads\/2025\/09\/20250916_0493-696x522.jpg 696w, https:\/\/www.italpress.com\/wp-content\/uploads\/2025\/09\/20250916_0493-1068x801.jpg 1068w, https:\/\/www.italpress.com\/wp-content\/uploads\/2025\/09\/20250916_0493-560x420.jpg 560w\" sizes=\"(max-width: 1440px) 100vw, 1440px\"><\/p>\n<p>MESSINA (ITALPRESS) \u2013 \u201cLa lotta alla criminalit\u00e0 organizzata rimane una nostra assoluta priorit\u00e0, continueremo a difendere con fermezza la dignit\u00e0 di chi si ha sacrificato la propria vita in nome della giustizia e dello Stato di diritto. Magistrati, forze dell\u2019ordine, giornalisti, attivisti  uomini e donne valorosi, tra loro Giovanni Falcone, Rocco Chinnici, Paolo Borsellino, Carlo Alberto dalla Chiesa, Cesare Terranova. Non possiamo anche dimenticare gli agenti della scorta che hanno coraggiosamente perso anche loro la loro vita\u201d. Lo ha detto la presidente della Parlamento Europeo, Roberta Metsola, a durante il convegno \u201cCriminalit\u00e0 nazionale e transnazionale: strumenti e obiettivi in Italia e in Europa\u201d, nell\u2019Aula Magna dell\u2019Universit\u00e0 degli Studi di Messina.<br \/>-foto Italpress-<br \/>(ITALPRESS).<\/p>\n","protected":false},"excerpt":{"rendered":"<p>MESSINA (ITALPRESS) \u2013 \u201cLa lotta alla criminalit\u00e0 organizzata rimane una nostra assoluta priorit\u00e0, continueremo a difendere con fermezza la dignit\u00e0 di chi si ha sacrificato la propria vita in nome della giustizia e dello Stato di diritto. Magistrati, forze dell\u2019ordine, giornalisti, attivisti uomini e donne valorosi, tra loro Giovanni Falcone, ...<\/p>\n","protected":false},"author":1,"featured_media":11299,"comment_status":"open","ping_status":"open","sticky":false,"template":"","format":"standard","meta":{"footnotes":""},"categories":[572],"tags":[],"class_list":["post-11298","post","type-post","status-publish","format-standard","has-post-thumbnail","hentry","category-news"],"_links":{"self":[{"href":"https:\/\/radioitaliauno.it\/index.php?rest_route=\/wp\/v2\/posts\/11298","targetHints":{"allow":["GET"]}}],"collection":[{"href":"https:\/\/radioitaliauno.it\/index.php?rest_route=\/wp\/v2\/posts"}],"about":[{"href":"https:\/\/radioitaliauno.it\/index.php?rest_route=\/wp\/v2\/types\/post"}],"author":[{"embeddable":true,"href":"https:\/\/radioitaliauno.it\/index.php?rest_route=\/wp\/v2\/users\/1"}],"replies":[{"embeddable":true,"href":"https:\/\/radioitaliauno.it\/index.php?rest_route=%2Fwp%2Fv2%2Fcomments&post=11298"}],"version-history":[{"count":0,"href":"https:\/\/radioitaliauno.it\/index.php?rest_route=\/wp\/v2\/posts\/11298\/revisions"}],"wp:featuredmedia":[{"embeddable":true,"href":"https:\/\/radioitaliauno.it\/index.php?rest_route=\/wp\/v2\/media\/11299"}],"wp:attachment":[{"href":"https:\/\/radioitaliauno.it\/index.php?rest_route=%2Fwp%2Fv2%2Fmedia&parent=11298"}],"wp:term":[{"taxonomy":"category","embeddable":true,"href":"https:\/\/radioitaliauno.it\/index.php?rest_route=%2Fwp%2Fv2%2Fcategories&post=11298"},{"taxonomy":"post_tag","embeddable":true,"href":"https:\/\/radioitaliauno.it\/index.php?rest_route=%2Fwp%2Fv2%2Ftags&post=11298"}],"curies":[{"name":"wp","href":"https:\/\/api.w.org\/{rel}","templated":true}]}}