{"id":11328,"date":"2025-09-19T12:25:02","date_gmt":"2025-09-19T10:25:02","guid":{"rendered":"https:\/\/radioitaliauno.it\/?p=11328"},"modified":"2025-09-19T12:25:02","modified_gmt":"2025-09-19T10:25:02","slug":"giustizia-tajani-opposizione-divisa-sulla-riforma","status":"publish","type":"post","link":"https:\/\/radioitaliauno.it\/?p=11328","title":{"rendered":"Giustizia, Tajani \u201cOpposizione divisa sulla riforma\u201d"},"content":{"rendered":"<p><img fetchpriority=\"high\" decoding=\"async\" width=\"1025\" height=\"692\" src=\"https:\/\/www.italpress.com\/wp-content\/uploads\/2025\/09\/20250919_0809.jpg\" class=\"webfeedsFeaturedVisual wp-post-image\" alt=\"Giustizia, Tajani \u201cOpposizione divisa sulla riforma\u201d\" title=\"Giustizia, Tajani \u201cOpposizione divisa sulla riforma\u201d\" srcset=\"https:\/\/www.italpress.com\/wp-content\/uploads\/2025\/09\/20250919_0809.jpg 1025w, https:\/\/www.italpress.com\/wp-content\/uploads\/2025\/09\/20250919_0809-300x203.jpg 300w, https:\/\/www.italpress.com\/wp-content\/uploads\/2025\/09\/20250919_0809-768x518.jpg 768w, https:\/\/www.italpress.com\/wp-content\/uploads\/2025\/09\/20250919_0809-696x470.jpg 696w, https:\/\/www.italpress.com\/wp-content\/uploads\/2025\/09\/20250919_0809-622x420.jpg 622w\" sizes=\"(max-width: 1025px) 100vw, 1025px\"><\/p>\n<p>ROMA (ITALPRESS) \u2013  Nel corso dell\u2019evento \u201cLibert\u00e0\u201d non mancher\u00e0 \u201cil tema all\u2019ordine del giorno che \u00e8 quello della giustizia, racconteremo ci\u00f2 che abbiamo fatto e ci\u00f2 che faremo, annunceremo formalmente la nascita dei comitati per il S\u00ec in caso di referendum\u201d sulla riforma. Cos\u00ec il vicepremier, ministro degli Esteri e segretario nazionale di Forza Italia, Antonio Tajani, nel corso di una conferenza stampa. \u201cMi piacerebbe che partecipassero anche i deputati del Pd che anni fa in un documento, pubblicato da \u2018Il Fogli\u00f2, firmarono per la separazione delle carriere quando Maurizio Martina era segretario. Firm\u00f2 anche la Serracchiani, non so cosa sia cambiato oggi\u201d, afferma. <br \/>\u201cLa riforma della giustizia approvata con una maggioranza pi\u00f9 ampia di quella del centrodestra ha dato fastidio all\u2019opposizione che si \u00e8 divisa e che ha organizzato una protesta su un tema che non era attinente con toni aggressivi, insulti, dicendo che era grave che sui banchi del governo qualcuno avesse applaudito. Io non l\u2019ho fatto ma non \u00e8 neppure previsto nel regolamento della Camera \u2013 sottolinea il vicepremier -. Una protesta priva di senso, \u00e8 stato fatto tutto ci\u00f2 per cercare di nascondere il risultato di una riforma importantissima per il nostro Paese. Andremo avanti \u2013 assicura -. Quello che \u00e8 successo ieri \u00e8 incomprensibile. Sulla giustizia l\u2019opposizione si \u00e8 spaccata, mi pare pi\u00f9 un campo stretto che un campo largo\u201d.<br \/>La tre giorni presentata oggi \u201csar\u00e0 tutta dedicata alla parola \u2018Libert\u00e0\u2019. Domenica presenteremo il manifesto che sar\u00e0 l\u2019attualizzazione del pensiero di Berlusconi, i tempi sono cambiati ma i valori rimangono gli stessi\u201d. \u201cLibert\u00e0\u201d avr\u00e0 luogo a Telese Terme il 26, 27 e 28 settembre. \u201cTutti i dibattiti che si susseguiranno saranno dedicati alle diverse forme di difesa e manifestazione della libert\u00e0\u201d, prosegue Tajani.<\/p>\n<p>\u2013 Foto xb1\/Italpress \u2013<\/p>\n<p>(ITALPRESS).<\/p>\n","protected":false},"excerpt":{"rendered":"<p>ROMA (ITALPRESS) \u2013 Nel corso dell\u2019evento \u201cLibert\u00e0\u201d non mancher\u00e0 \u201cil tema all\u2019ordine del giorno che \u00e8 quello della giustizia, racconteremo ci\u00f2 che abbiamo fatto e ci\u00f2 che faremo, annunceremo formalmente la nascita dei comitati per il S\u00ec in caso di referendum\u201d sulla riforma. Cos\u00ec il vicepremier, ministro degli Esteri e ...<\/p>\n","protected":false},"author":1,"featured_media":11329,"comment_status":"open","ping_status":"open","sticky":false,"template":"","format":"standard","meta":{"footnotes":""},"categories":[572],"tags":[],"class_list":["post-11328","post","type-post","status-publish","format-standard","has-post-thumbnail","hentry","category-news"],"_links":{"self":[{"href":"https:\/\/radioitaliauno.it\/index.php?rest_route=\/wp\/v2\/posts\/11328","targetHints":{"allow":["GET"]}}],"collection":[{"href":"https:\/\/radioitaliauno.it\/index.php?rest_route=\/wp\/v2\/posts"}],"about":[{"href":"https:\/\/radioitaliauno.it\/index.php?rest_route=\/wp\/v2\/types\/post"}],"author":[{"embeddable":true,"href":"https:\/\/radioitaliauno.it\/index.php?rest_route=\/wp\/v2\/users\/1"}],"replies":[{"embeddable":true,"href":"https:\/\/radioitaliauno.it\/index.php?rest_route=%2Fwp%2Fv2%2Fcomments&post=11328"}],"version-history":[{"count":0,"href":"https:\/\/radioitaliauno.it\/index.php?rest_route=\/wp\/v2\/posts\/11328\/revisions"}],"wp:featuredmedia":[{"embeddable":true,"href":"https:\/\/radioitaliauno.it\/index.php?rest_route=\/wp\/v2\/media\/11329"}],"wp:attachment":[{"href":"https:\/\/radioitaliauno.it\/index.php?rest_route=%2Fwp%2Fv2%2Fmedia&parent=11328"}],"wp:term":[{"taxonomy":"category","embeddable":true,"href":"https:\/\/radioitaliauno.it\/index.php?rest_route=%2Fwp%2Fv2%2Fcategories&post=11328"},{"taxonomy":"post_tag","embeddable":true,"href":"https:\/\/radioitaliauno.it\/index.php?rest_route=%2Fwp%2Fv2%2Ftags&post=11328"}],"curies":[{"name":"wp","href":"https:\/\/api.w.org\/{rel}","templated":true}]}}