{"id":11338,"date":"2025-09-20T16:30:02","date_gmt":"2025-09-20T14:30:02","guid":{"rendered":"https:\/\/radioitaliauno.it\/?p=11338"},"modified":"2025-09-20T16:30:02","modified_gmt":"2025-09-20T14:30:02","slug":"pole-di-verstappen-davanti-a-sainz-al-gp-di-azerbaijan","status":"publish","type":"post","link":"https:\/\/radioitaliauno.it\/?p=11338","title":{"rendered":"Pole di Verstappen davanti a Sainz al Gp di Azerbaijan"},"content":{"rendered":"<p><img fetchpriority=\"high\" decoding=\"async\" width=\"1200\" height=\"800\" src=\"https:\/\/www.italpress.com\/wp-content\/uploads\/2025\/09\/20250920_1192.jpg\" class=\"webfeedsFeaturedVisual wp-post-image\" alt=\"Pole di Verstappen davanti a Sainz al Gp di Azerbaijan\" title=\"Pole di Verstappen davanti a Sainz al Gp di Azerbaijan\" srcset=\"https:\/\/www.italpress.com\/wp-content\/uploads\/2025\/09\/20250920_1192.jpg 1200w, https:\/\/www.italpress.com\/wp-content\/uploads\/2025\/09\/20250920_1192-300x200.jpg 300w, https:\/\/www.italpress.com\/wp-content\/uploads\/2025\/09\/20250920_1192-1024x683.jpg 1024w, https:\/\/www.italpress.com\/wp-content\/uploads\/2025\/09\/20250920_1192-768x512.jpg 768w, https:\/\/www.italpress.com\/wp-content\/uploads\/2025\/09\/20250920_1192-696x464.jpg 696w, https:\/\/www.italpress.com\/wp-content\/uploads\/2025\/09\/20250920_1192-1068x712.jpg 1068w, https:\/\/www.italpress.com\/wp-content\/uploads\/2025\/09\/20250920_1192-630x420.jpg 630w\" sizes=\"(max-width: 1200px) 100vw, 1200px\"><\/p>\n<p>BAKU (AZERBAIJAN) (ITALPRESS) \u2013 Uno strepitoso Max Verstappen conquista la pole position nel Gran Premio di Azerbaijan 2025 di Formula 1. Il pilota olandese della Red Bull realizza un crono di 1\u201941\u2033117 e beffa la sorprendente Williams dello spagnolo Carlos Sainz per +0\u2033478; terzo posto per la Racing Bulls del neozelandese Liam Lawson, a +0\u2033590 dal pluri-iridato oranje. \u201cE\u2019 stata una qualifica lunghissima, difficile mettere insieme il giro giusto \u2013 il commento a caldo di Verstappen \u2013 All\u2019ultimo giro ho soltanto spinto al massimo, per via delle bandiere rosse abbiamo rischiato di finire le gomme. Sono contento di come sta andando il weekend, siamo migliorati di sessione in sessione, facendo benissimo nel momento in cui contava di pi\u00f9. Spero di poter continuare cos\u00ec. La gara sar\u00e0 lunga, bisogner\u00e0 gestire le gomme su una pista insidiosa\u201d. Ottima prestazione sul circuito di Baku anche per l\u2019italiano Andrea Kimi Antonelli, che porta la Mercedes in quarta posizione a +0\u2033600 da Verstappen e davanti al compagno di squadra George Russell. Delude, invece, Lando Norris che non approfitta dell\u2019errore del rivale nel Mondiale e non va oltre la settima casella. Fuori dai giochi, dopo essere andati a muro nel Q3, Oscar Piastri (McLaren) e Charles Leclerc (Ferrari), che partiranno rispettivamente nono e decimo alle spalle di Yuki Tsunoda (Red Bull) ed Isack Hadjar (Racing Bulls). L\u2019altro ferrarista Lewis Hamilton, dopo aver fatto segnare il miglior tempo nella seconda sessione di prove libere, \u00e8 stato eliminato in Q2 e partir\u00e0 12esimo.<br \/>\u2013 Foto Ipa Agency \u2013<br \/>(ITALPRESS).<\/p>\n","protected":false},"excerpt":{"rendered":"<p>BAKU (AZERBAIJAN) (ITALPRESS) \u2013 Uno strepitoso Max Verstappen conquista la pole position nel Gran Premio di Azerbaijan 2025 di Formula 1. Il pilota olandese della Red Bull realizza un crono di 1\u201941\u2033117 e beffa la sorprendente Williams dello spagnolo Carlos Sainz per +0\u2033478; terzo posto per la Racing Bulls del ...<\/p>\n","protected":false},"author":1,"featured_media":11339,"comment_status":"open","ping_status":"open","sticky":false,"template":"","format":"standard","meta":{"footnotes":""},"categories":[572],"tags":[],"class_list":["post-11338","post","type-post","status-publish","format-standard","has-post-thumbnail","hentry","category-news"],"_links":{"self":[{"href":"https:\/\/radioitaliauno.it\/index.php?rest_route=\/wp\/v2\/posts\/11338","targetHints":{"allow":["GET"]}}],"collection":[{"href":"https:\/\/radioitaliauno.it\/index.php?rest_route=\/wp\/v2\/posts"}],"about":[{"href":"https:\/\/radioitaliauno.it\/index.php?rest_route=\/wp\/v2\/types\/post"}],"author":[{"embeddable":true,"href":"https:\/\/radioitaliauno.it\/index.php?rest_route=\/wp\/v2\/users\/1"}],"replies":[{"embeddable":true,"href":"https:\/\/radioitaliauno.it\/index.php?rest_route=%2Fwp%2Fv2%2Fcomments&post=11338"}],"version-history":[{"count":0,"href":"https:\/\/radioitaliauno.it\/index.php?rest_route=\/wp\/v2\/posts\/11338\/revisions"}],"wp:featuredmedia":[{"embeddable":true,"href":"https:\/\/radioitaliauno.it\/index.php?rest_route=\/wp\/v2\/media\/11339"}],"wp:attachment":[{"href":"https:\/\/radioitaliauno.it\/index.php?rest_route=%2Fwp%2Fv2%2Fmedia&parent=11338"}],"wp:term":[{"taxonomy":"category","embeddable":true,"href":"https:\/\/radioitaliauno.it\/index.php?rest_route=%2Fwp%2Fv2%2Fcategories&post=11338"},{"taxonomy":"post_tag","embeddable":true,"href":"https:\/\/radioitaliauno.it\/index.php?rest_route=%2Fwp%2Fv2%2Ftags&post=11338"}],"curies":[{"name":"wp","href":"https:\/\/api.w.org\/{rel}","templated":true}]}}