{"id":11396,"date":"2025-09-23T16:25:02","date_gmt":"2025-09-23T14:25:02","guid":{"rendered":"https:\/\/radioitaliauno.it\/?p=11396"},"modified":"2025-09-23T16:25:02","modified_gmt":"2025-09-23T14:25:02","slug":"jti-dialogo-con-le-istituzioni-per-lacquisto-di-tabacco-italiano","status":"publish","type":"post","link":"https:\/\/radioitaliauno.it\/?p=11396","title":{"rendered":"JTI, dialogo con le istituzioni per l\u2019acquisto di tabacco italiano"},"content":{"rendered":"<p><img fetchpriority=\"high\" decoding=\"async\" width=\"1024\" height=\"768\" src=\"https:\/\/www.italpress.com\/wp-content\/uploads\/2025\/09\/20250923_1674.jpg\" class=\"webfeedsFeaturedVisual wp-post-image\" alt=\"JTI, dialogo con le istituzioni per l\u2019acquisto di tabacco italiano\" title=\"JTI, dialogo con le istituzioni per l\u2019acquisto di tabacco italiano\" srcset=\"https:\/\/www.italpress.com\/wp-content\/uploads\/2025\/09\/20250923_1674.jpg 1024w, https:\/\/www.italpress.com\/wp-content\/uploads\/2025\/09\/20250923_1674-300x225.jpg 300w, https:\/\/www.italpress.com\/wp-content\/uploads\/2025\/09\/20250923_1674-768x576.jpg 768w, https:\/\/www.italpress.com\/wp-content\/uploads\/2025\/09\/20250923_1674-80x60.jpg 80w, https:\/\/www.italpress.com\/wp-content\/uploads\/2025\/09\/20250923_1674-265x198.jpg 265w, https:\/\/www.italpress.com\/wp-content\/uploads\/2025\/09\/20250923_1674-696x522.jpg 696w, https:\/\/www.italpress.com\/wp-content\/uploads\/2025\/09\/20250923_1674-560x420.jpg 560w\" sizes=\"(max-width: 1024px) 100vw, 1024px\"><\/p>\n<p>NAPOLI (ITALPRESS) \u2013 \u201cJTI \u00e8 attualmente impegnata in un dialogo con le istituzioni per l\u2019acquisto di tabacco italiano. Siamo quindi fiduciosi che, insieme, potremo definire un\u2019intesa solida, capace di rafforzare ulteriormente il comparto e valorizzarne il potenziale\u201d. Lo ha detto Adriana Valle, Corporate Affairs &amp; Communication Director di JTI Italia, intervenuta oggi al Congresso Unitab Europa 2025 a Napoli, il summit organizzato dall\u2019Unione Nazionale Tabacco, l\u2019organizzazione che rappresenta e coordina i coltivatori di tabacco in Italia.<br \/>\nNel suo intervento, Valle ha sottolineato \u201cil valore strategico della filiera tabacchicola italiana\u201d, evidenziando \u201cla necessit\u00e0 di rafforzare il dialogo tra istituzioni e imprese, di investire in sostenibilit\u00e0 e innovazione e di costruire un modello produttivo competitivo, ma anche etico\u201d. Un approccio che, secondo la manager, \u201cpu\u00f2 garantire continuit\u00e0 e crescita al settore, valorizzando al tempo stesso il ruolo dei territori\u201d.<br \/>\nIn questa direzione, viene evidenziato in una nota, \u201csi inserisce l\u2019impegno pluriennale dell\u2019azienda, che da quasi venti anni investe in modo crescente nella filiera tabacchicola italiana, accompagnandone l\u2019evoluzione con continuit\u00e0 e attenzione al territorio. JTI ha infatti sostenuto lo sviluppo del comparto agricolo, promuovendo pratiche sostenibili e rafforzando il legame con le comunit\u00e0 locali, in un percorso orientato alla qualit\u00e0 e alla responsabilit\u00e0\u201d.<br \/>\nUn impegno rafforzato dall\u2019introduzione del calendario fiscale triennale, previsto dalla Legge di Bilancio 2023, che ha contribuito a garantire maggiore stabilit\u00e0 al settore e a rendere pi\u00f9 efficace la pianificazione degli investimenti. Su queste premesse si inserisce l\u2019ultimo accordo triennale per l\u2019acquisto di tabacco italiano: un\u2019intesa che ha consolidato il rapporto tra industria e filiera agricola, generando valore e continuit\u00e0, e confermando la volont\u00e0 di JTI di investire in una filiera che guarda al futuro con ambizione e responsabilit\u00e0.<\/p>\n<p>\u2013 foto ufficio stampa JTI Italia \u2013<br \/>\n(ITALPRESS).<\/p>\n","protected":false},"excerpt":{"rendered":"<p>NAPOLI (ITALPRESS) \u2013 \u201cJTI \u00e8 attualmente impegnata in un dialogo con le istituzioni per l\u2019acquisto di tabacco italiano. Siamo quindi fiduciosi che, insieme, potremo definire un\u2019intesa solida, capace di rafforzare ulteriormente il comparto e valorizzarne il potenziale\u201d. Lo ha detto Adriana Valle, Corporate Affairs &amp; Communication Director di JTI Italia, ...<\/p>\n","protected":false},"author":1,"featured_media":11397,"comment_status":"open","ping_status":"open","sticky":false,"template":"","format":"standard","meta":{"footnotes":""},"categories":[572],"tags":[],"class_list":["post-11396","post","type-post","status-publish","format-standard","has-post-thumbnail","hentry","category-news"],"_links":{"self":[{"href":"https:\/\/radioitaliauno.it\/index.php?rest_route=\/wp\/v2\/posts\/11396","targetHints":{"allow":["GET"]}}],"collection":[{"href":"https:\/\/radioitaliauno.it\/index.php?rest_route=\/wp\/v2\/posts"}],"about":[{"href":"https:\/\/radioitaliauno.it\/index.php?rest_route=\/wp\/v2\/types\/post"}],"author":[{"embeddable":true,"href":"https:\/\/radioitaliauno.it\/index.php?rest_route=\/wp\/v2\/users\/1"}],"replies":[{"embeddable":true,"href":"https:\/\/radioitaliauno.it\/index.php?rest_route=%2Fwp%2Fv2%2Fcomments&post=11396"}],"version-history":[{"count":0,"href":"https:\/\/radioitaliauno.it\/index.php?rest_route=\/wp\/v2\/posts\/11396\/revisions"}],"wp:featuredmedia":[{"embeddable":true,"href":"https:\/\/radioitaliauno.it\/index.php?rest_route=\/wp\/v2\/media\/11397"}],"wp:attachment":[{"href":"https:\/\/radioitaliauno.it\/index.php?rest_route=%2Fwp%2Fv2%2Fmedia&parent=11396"}],"wp:term":[{"taxonomy":"category","embeddable":true,"href":"https:\/\/radioitaliauno.it\/index.php?rest_route=%2Fwp%2Fv2%2Fcategories&post=11396"},{"taxonomy":"post_tag","embeddable":true,"href":"https:\/\/radioitaliauno.it\/index.php?rest_route=%2Fwp%2Fv2%2Ftags&post=11396"}],"curies":[{"name":"wp","href":"https:\/\/api.w.org\/{rel}","templated":true}]}}