{"id":11422,"date":"2025-09-26T15:30:06","date_gmt":"2025-09-26T13:30:06","guid":{"rendered":"https:\/\/radioitaliauno.it\/?p=11422"},"modified":"2025-09-26T15:30:06","modified_gmt":"2025-09-26T13:30:06","slug":"tudor-spinge-la-juve-partiti-col-piede-giusto-siamo-carichi","status":"publish","type":"post","link":"https:\/\/radioitaliauno.it\/?p=11422","title":{"rendered":"Tudor spinge la Juve \u201cPartiti col piede giusto, siamo carichi\u201d"},"content":{"rendered":"<p><img fetchpriority=\"high\" decoding=\"async\" width=\"1200\" height=\"800\" src=\"https:\/\/www.italpress.com\/wp-content\/uploads\/2025\/09\/20250926_1313.jpg\" class=\"webfeedsFeaturedVisual wp-post-image\" alt=\"Tudor spinge la Juve \u201cPartiti col piede giusto, siamo carichi\u201d\" title=\"Tudor spinge la Juve \u201cPartiti col piede giusto, siamo carichi\u201d\" srcset=\"https:\/\/www.italpress.com\/wp-content\/uploads\/2025\/09\/20250926_1313.jpg 1200w, https:\/\/www.italpress.com\/wp-content\/uploads\/2025\/09\/20250926_1313-300x200.jpg 300w, https:\/\/www.italpress.com\/wp-content\/uploads\/2025\/09\/20250926_1313-1024x683.jpg 1024w, https:\/\/www.italpress.com\/wp-content\/uploads\/2025\/09\/20250926_1313-768x512.jpg 768w, https:\/\/www.italpress.com\/wp-content\/uploads\/2025\/09\/20250926_1313-696x464.jpg 696w, https:\/\/www.italpress.com\/wp-content\/uploads\/2025\/09\/20250926_1313-1068x712.jpg 1068w, https:\/\/www.italpress.com\/wp-content\/uploads\/2025\/09\/20250926_1313-630x420.jpg 630w\" sizes=\"(max-width: 1200px) 100vw, 1200px\"><\/p>\n<p>TORINO (ITALPRESS) \u2013 Una sfida complicata, ma che pu\u00f2 dare una spinta sia emotiva che di classifica alla squadra. Questo grosso modo il peso della gara che attende la <strong>Juventus.<\/strong> Alla vigilia della sfida contro l\u2019<strong>Atalanta<\/strong>, in programma domani alle 18 all\u2019Allianz Stadium, il tecnico bianconero Igor Tudor ha fatto il punto in conferenza stampa: <em>\u201cCi aspettano tre partite consecutive, ci siamo preparati bene e con la giusta carica\u201d.<\/em><\/p>\n<p>Interpellato sulle parole del designatore arbitrale Gianluca Rocchi, l\u2019allenatore bianconero ha replicato con diplomazia:<em> \u201cMi hanno riferito le sue dichiarazioni. Si va avanti, se n\u2019\u00e8 gi\u00e0 parlato molto\u201d.<\/em> Rocchi aveva infatti commentato gli episodi di Verona dando ragione al tecnico ma ribadendo che<em> \u201cvanno usati i termini corretti. Toni eccessivi non aiutano: serve collaborazione, altrimenti diventa una gazzarra\u201d<\/em>. La Juventus ha cominciato il campionato con 10 punti in quattro giornate. Un bilancio che soddisfa l\u2019allenatore croato:<em> \u201cLa squadra \u00e8 partita con il piede giusto. In questa fase stiamo spingendo forte in allenamento per raggiungere la migliore condizione\u201d<\/em>.<\/p>\n<p>Per quanto riguarda la rosa, Tudor ha spiegato che Concei\u00e7ao ha avuto qualche acciacco e verr\u00e0 valutato domani, mentre Zhegrova \u00e8 in crescita di condizione. Tra i pi\u00f9 brillanti c\u2019\u00e8 Dusan Vlahovic:<em> \u201cSono molto contento del suo rendimento. In generale abbiamo diverse soluzioni in attacco e questo \u00e8 un vantaggio. Anche David e Openda sono opzioni di grande valore, li conosciamo sempre meglio giorno dopo giorno\u201d.<\/em> Non sono mancati i riferimenti all\u2019avversario:<em> \u201cJuric \u00e8 un amico, una persona con grandi valori e un allenatore straordinario, spesso sottovalutato. Domani sar\u00e0 una gara tra due squadre di altissimo livello. L\u2019amichevole estiva con loro non conta nulla, serviranno concentrazione e compattezza, senza concedere spazi\u201d<\/em>.<\/p>\n<p>Tudor ha poi elogiato Cambiaso:<em> \u201cPu\u00f2 giocare anche da mezzala perch\u00e8 ragiona da centrocampista. E\u2019 un giocatore di primo piano: se acquisir\u00e0 maggiore continuit\u00e0 potr\u00e0 ambire ai pi\u00f9 grandi club al mondo, come Real Madrid, Manchester City o Liverpool\u201d<\/em>. In chiusura, un pensiero su due colleghi di peso Allegri e Conte, che si sfideranno domenica sera a San Siro:<em> \u201cSono allenatori diversi, ma entrambi figure importanti per il calcio. Persone giuste che danno molto al nostro sport\u201d.<\/em><\/p>\n<p>\u2013 Foto: Ipa Agency \u2013<\/p>\n<p>(ITALPRESS).<\/p>\n","protected":false},"excerpt":{"rendered":"<p>TORINO (ITALPRESS) \u2013 Una sfida complicata, ma che pu\u00f2 dare una spinta sia emotiva che di classifica alla squadra. Questo grosso modo il peso della gara che attende la Juventus. Alla vigilia della sfida contro l\u2019Atalanta, in programma domani alle 18 all\u2019Allianz Stadium, il tecnico bianconero Igor Tudor ha fatto ...<\/p>\n","protected":false},"author":1,"featured_media":11423,"comment_status":"open","ping_status":"open","sticky":false,"template":"","format":"standard","meta":{"footnotes":""},"categories":[572],"tags":[],"class_list":["post-11422","post","type-post","status-publish","format-standard","has-post-thumbnail","hentry","category-news"],"_links":{"self":[{"href":"https:\/\/radioitaliauno.it\/index.php?rest_route=\/wp\/v2\/posts\/11422","targetHints":{"allow":["GET"]}}],"collection":[{"href":"https:\/\/radioitaliauno.it\/index.php?rest_route=\/wp\/v2\/posts"}],"about":[{"href":"https:\/\/radioitaliauno.it\/index.php?rest_route=\/wp\/v2\/types\/post"}],"author":[{"embeddable":true,"href":"https:\/\/radioitaliauno.it\/index.php?rest_route=\/wp\/v2\/users\/1"}],"replies":[{"embeddable":true,"href":"https:\/\/radioitaliauno.it\/index.php?rest_route=%2Fwp%2Fv2%2Fcomments&post=11422"}],"version-history":[{"count":0,"href":"https:\/\/radioitaliauno.it\/index.php?rest_route=\/wp\/v2\/posts\/11422\/revisions"}],"wp:featuredmedia":[{"embeddable":true,"href":"https:\/\/radioitaliauno.it\/index.php?rest_route=\/wp\/v2\/media\/11423"}],"wp:attachment":[{"href":"https:\/\/radioitaliauno.it\/index.php?rest_route=%2Fwp%2Fv2%2Fmedia&parent=11422"}],"wp:term":[{"taxonomy":"category","embeddable":true,"href":"https:\/\/radioitaliauno.it\/index.php?rest_route=%2Fwp%2Fv2%2Fcategories&post=11422"},{"taxonomy":"post_tag","embeddable":true,"href":"https:\/\/radioitaliauno.it\/index.php?rest_route=%2Fwp%2Fv2%2Ftags&post=11422"}],"curies":[{"name":"wp","href":"https:\/\/api.w.org\/{rel}","templated":true}]}}