{"id":11459,"date":"2025-09-29T15:45:02","date_gmt":"2025-09-29T13:45:02","guid":{"rendered":"https:\/\/radioitaliauno.it\/?p=11459"},"modified":"2025-09-29T15:45:02","modified_gmt":"2025-09-29T13:45:02","slug":"lupi-puntiamo-a-unire-i-moderati-e-ricostruire-il-centro","status":"publish","type":"post","link":"https:\/\/radioitaliauno.it\/?p=11459","title":{"rendered":"Lupi \u201cPuntiamo a unire i moderati e ricostruire il centro\u201d"},"content":{"rendered":"<p><img fetchpriority=\"high\" decoding=\"async\" width=\"1280\" height=\"720\" src=\"https:\/\/www.italpress.com\/wp-content\/uploads\/2025\/09\/20250929_1733.jpg\" class=\"webfeedsFeaturedVisual wp-post-image\" alt=\"Lupi \u201cPuntiamo a unire i moderati e ricostruire il centro\u201d\" title=\"Lupi \u201cPuntiamo a unire i moderati e ricostruire il centro\u201d\" srcset=\"https:\/\/www.italpress.com\/wp-content\/uploads\/2025\/09\/20250929_1733.jpg 1280w, https:\/\/www.italpress.com\/wp-content\/uploads\/2025\/09\/20250929_1733-300x169.jpg 300w, https:\/\/www.italpress.com\/wp-content\/uploads\/2025\/09\/20250929_1733-1024x576.jpg 1024w, https:\/\/www.italpress.com\/wp-content\/uploads\/2025\/09\/20250929_1733-768x432.jpg 768w, https:\/\/www.italpress.com\/wp-content\/uploads\/2025\/09\/20250929_1733-696x392.jpg 696w, https:\/\/www.italpress.com\/wp-content\/uploads\/2025\/09\/20250929_1733-1068x601.jpg 1068w, https:\/\/www.italpress.com\/wp-content\/uploads\/2025\/09\/20250929_1733-747x420.jpg 747w\" sizes=\"(max-width: 1280px) 100vw, 1280px\"><\/p>\n<p>ROMA (ITALPRESS) \u2013 \u201cOgni voto \u00e8 un test politico. Questa volta, nonostante non si sia riusciti a fare un election day, cosa che secondo me \u00e8 un errore, si vota in sette regioni italiane. Ma il test politico riguarda in particolare i governatori uscenti. Per noi che governiamo nelle Marche, Calabria e Veneto, \u00e8 evidente che la riconferma di queste presidenze sarebbe una conferma ulteriore che il buon governo \u00e8 la caratteristica fondamentale del centrodestra\u201d. Cos\u00ec il presidente di Noi Moderati, Maurizio Lupi, in un\u2019intervista a Claudio Brachino per la rubrica Primo Piano dell\u2019agenzia Italpress. \u201cLo dico sempre anche ai miei alleati \u2013 ha proseguito -. La sfida \u00e8 sempre per il governo, mai dividersi. Quando i cittadini ti danno la fiducia, deve essere misurato sul governo e sulla capacit\u00e0 di dare risposte concrete. Mi sembra che lo stiamo facendo e si vedono i risultati e anche nei governi regionali. Per noi, quindi, la conferma di queste tre regioni sarebbe una conferma importante politica\u201d. Intanto, in vista delle prossime elezioni politiche del 2027, \u201cogni singolo partito, anche di una coalizione, cerca di dare il proprio peso, la propria visione. E\u2019 assolutamente legittimo ma a una condizione: quando si governa pensare di dividersi o smarcarsi non funziona perch\u00e8 si perde e si vince insieme \u2013 ha ribadito Lupi -. Noi Moderati \u00e8 la quarta proposta politica del centrodestra e piaccia o non piaccia, il tavolo \u00e8 fatto di quattro gambe. Vogliamo rafforzare quel pezzo di elettorato moderato che non c\u2019\u00e8 pi\u00f9, che non si sente pi\u00f9 rappresentato\u201d rivolgendoci a \u201cquei 9 milioni di italiani moderati che non vanno pi\u00f9 votare\u201d. <br \/>Il Partito Popolare Europeo rimane \u201cil punto di riferimento. Forza Italia ha la sua storia, ha la sua battaglia, ma non riesce a raggiungere tutti gli elettori moderati che da sempre votano o si riconoscono nelle idee del centro. Noi vogliamo fare proprio questo\u201d. Per quanto riguarda la prossima manovra finanziaria, Lupi ha illustrato le proposte del partito che poi \u201cdovranno essere viste insieme in una sintesi della maggioranza\u201d. Le priorit\u00e0 riguardano misure a favore dei giovani, i salari, le imprese, e la famiglia. \u201cL\u2019obiettivo \u2013 ha evidenziato Lupi \u2013 deve essere quello di concentrare le risorse, di non disperderle perch\u00e8 altrimenti noi si va da nessuna parte\u201d. Una manovra che deve servire \u201cper rilanciare l\u2019economia, non una legge che la fermi. I nostri principi cardine andranno avanti e li diclineremo nel miglior modo possibile\u201d. <br \/>Spostando infine l\u2019attenzione ai conflitti internazionali, Lupi ha sottolineato come quello tra Israele e Hamas sia ormai \u201cuna strage, non un genocidio\u201d, e per questo \u201cbisogna fermarsi e bisogna aprire la via diplomatica\u201d. E riguardo la missione umanitaria Sumud Flotilla, pur riconoscendo come \u201clo scopo sia assolutamente nobile\u201d, ha sottolineato come \u201ca un certo punto bisogna essere responsabili. In un momento come questo, serve anche il coraggio di fermarsi, di fare un passo indietro. Accogliere l\u2019appello del Presidente della Repubblica mi sembra un gesto di coraggio, non di codardia, perch\u00e8 quando entri in acque di guerra poi alla fine inizi anche a far venire meno la forza del tuo progetto e la bont\u00e0 del tuo scopo\u201d. <br \/>Sull\u2019altro versante, quello Russo-Ucraino, la recente minaccia di uno sconfinamento dei droni di Mosca nei cieli europei, per Lupi sarebbe \u201cuna provocazione che arriva non a caso\u201d, una \u201cstrategia complessiva per tenere alta la tensione. Putin ha dimostrato che non vuole la pace e quindi questi sconfinamenti dei droni servono ad aumentare la tensione\u201d anche se, ha ricordato, \u201cmai sottovalutare i rischi\u201d perch\u00e8 prima delle invasioni dell\u2019Ucraina \u201cc\u2019erano le esercitazioni\u201d, e poi le armate russe hanno invaso l\u2019Ucraina. \u201cIo non vedo una minaccia cos\u00ec vicina, ma non posso neanche pensare che si possa sottovalutata\u201d, ha concluso.<\/p>\n<p> \u2013 Foto Italpress \u2013<br \/>(ITALPRESS).<\/p>\n","protected":false},"excerpt":{"rendered":"<p>ROMA (ITALPRESS) \u2013 \u201cOgni voto \u00e8 un test politico. Questa volta, nonostante non si sia riusciti a fare un election day, cosa che secondo me \u00e8 un errore, si vota in sette regioni italiane. Ma il test politico riguarda in particolare i governatori uscenti. Per noi che governiamo nelle Marche, ...<\/p>\n","protected":false},"author":1,"featured_media":11460,"comment_status":"open","ping_status":"open","sticky":false,"template":"","format":"standard","meta":{"footnotes":""},"categories":[572],"tags":[],"class_list":["post-11459","post","type-post","status-publish","format-standard","has-post-thumbnail","hentry","category-news"],"_links":{"self":[{"href":"https:\/\/radioitaliauno.it\/index.php?rest_route=\/wp\/v2\/posts\/11459","targetHints":{"allow":["GET"]}}],"collection":[{"href":"https:\/\/radioitaliauno.it\/index.php?rest_route=\/wp\/v2\/posts"}],"about":[{"href":"https:\/\/radioitaliauno.it\/index.php?rest_route=\/wp\/v2\/types\/post"}],"author":[{"embeddable":true,"href":"https:\/\/radioitaliauno.it\/index.php?rest_route=\/wp\/v2\/users\/1"}],"replies":[{"embeddable":true,"href":"https:\/\/radioitaliauno.it\/index.php?rest_route=%2Fwp%2Fv2%2Fcomments&post=11459"}],"version-history":[{"count":0,"href":"https:\/\/radioitaliauno.it\/index.php?rest_route=\/wp\/v2\/posts\/11459\/revisions"}],"wp:featuredmedia":[{"embeddable":true,"href":"https:\/\/radioitaliauno.it\/index.php?rest_route=\/wp\/v2\/media\/11460"}],"wp:attachment":[{"href":"https:\/\/radioitaliauno.it\/index.php?rest_route=%2Fwp%2Fv2%2Fmedia&parent=11459"}],"wp:term":[{"taxonomy":"category","embeddable":true,"href":"https:\/\/radioitaliauno.it\/index.php?rest_route=%2Fwp%2Fv2%2Fcategories&post=11459"},{"taxonomy":"post_tag","embeddable":true,"href":"https:\/\/radioitaliauno.it\/index.php?rest_route=%2Fwp%2Fv2%2Ftags&post=11459"}],"curies":[{"name":"wp","href":"https:\/\/api.w.org\/{rel}","templated":true}]}}