{"id":11463,"date":"2025-09-29T13:55:06","date_gmt":"2025-09-29T11:55:06","guid":{"rendered":"https:\/\/radioitaliauno.it\/?p=11463"},"modified":"2025-09-29T13:55:06","modified_gmt":"2025-09-29T11:55:06","slug":"urso-il-dossier-auto-e-strategico-leuropa-deve-agire","status":"publish","type":"post","link":"https:\/\/radioitaliauno.it\/?p=11463","title":{"rendered":"Urso \u201cIl dossier auto \u00e8 strategico, l\u2019Europa deve agire\u201d"},"content":{"rendered":"<p><img fetchpriority=\"high\" decoding=\"async\" width=\"830\" height=\"553\" src=\"https:\/\/www.italpress.com\/wp-content\/uploads\/2025\/09\/20250929_1083.jpg\" class=\"webfeedsFeaturedVisual wp-post-image\" alt=\"Urso \u201cIl dossier auto \u00e8 strategico, l\u2019Europa deve agire\u201d\" title=\"Urso \u201cIl dossier auto \u00e8 strategico, l\u2019Europa deve agire\u201d\" srcset=\"https:\/\/www.italpress.com\/wp-content\/uploads\/2025\/09\/20250929_1083.jpg 830w, https:\/\/www.italpress.com\/wp-content\/uploads\/2025\/09\/20250929_1083-300x200.jpg 300w, https:\/\/www.italpress.com\/wp-content\/uploads\/2025\/09\/20250929_1083-768x512.jpg 768w, https:\/\/www.italpress.com\/wp-content\/uploads\/2025\/09\/20250929_1083-696x464.jpg 696w, https:\/\/www.italpress.com\/wp-content\/uploads\/2025\/09\/20250929_1083-630x420.jpg 630w\" sizes=\"(max-width: 830px) 100vw, 830px\"><\/p>\n<p>ROMA (ITALPRESS) \u2013 <em>\u201cSul dossier auto l\u2019Italia ha posto fin dall\u2019inizio, con forza e coerenza, la necessit\u00e0 di rivedere le regole del Green Deal. Da tre anni chiediamo all\u2019Europa di agire, dall\u2019inizio della legislatura. Un anno fa con un \u2018non paper\u2019 abbiamo chiesto di rimuovere l\u2019ostacolo delle super-multe e di anticipare la revisione del regolamento CO2 a questo trimestre: entrambi obiettivi raggiunti. Ora per\u00f2 non \u00e8 pi\u00f9 tempo di discussioni o di rinvii: bisogna decidere subito e farlo con chiarezza\u201d.<\/em> Cos\u00ec il <strong>ministro delle Imprese e del Made in Italy, Adolfo Urso<\/strong>, intervenendo a Bruxelles nel dibattito sul Dialogo strategico sull\u2019automotive al Consiglio Competitivit\u00e0.<\/p>\n<p>Richiamando la centralit\u00e0 della filiera, Urso ha evidenziato che <em>\u201cil dossier delle auto \u00e8 un dossier strategico perch\u00e8 l\u2019industria automobilistica \u00e8 la prima industria europea\u201d<\/em>, ricordando come il settore rappresenti un pilastro dell\u2019economia, da cui dipendono milioni di posti di lavoro. Ha poi ribadito la necessit\u00e0 di un approccio pragmatico che dia risposte puntuali per auto, veicoli leggeri, pesanti e flotte aziendali. U<\/p>\n<p>rso ha quindi sottolineato che il futuro dell\u2019auto europea passa da neutralit\u00e0 tecnologica e flessibilit\u00e0: <em><strong>\u201cNon possiamo passare dalla dipendenza energetica dalla Russia a una dipendenza tecnologica con altri paesi.<\/strong> Occorre garantire che le batterie elettriche siano prodotte in Europa, con tecnologia sotto il nostro controllo per assicurare la resilienza del nostro Continente e difendere la libert\u00e0 di impresa rispetto alle minacce che incombono\u201d.<\/em> Secondo Urso <em><strong>\u201cil settore dell\u2019auto sta collassando in Europa<\/strong>: ogni giorno si annunciano chiusure di stabilimenti e migliaia di licenziamenti nell\u2019intera filiera. E\u2019 fondamentale affrontare con realismo, senza paraocchi ideologici ma con flessibilit\u00e0 e pragmatismo, quello di cui necessita la nostra Europa\u201d.<\/em><\/p>\n<p>\u2013 Foto: Ipa Agency \u2013<br \/>\n(ITALPRESS).<\/p>\n","protected":false},"excerpt":{"rendered":"<p>ROMA (ITALPRESS) \u2013 \u201cSul dossier auto l\u2019Italia ha posto fin dall\u2019inizio, con forza e coerenza, la necessit\u00e0 di rivedere le regole del Green Deal. Da tre anni chiediamo all\u2019Europa di agire, dall\u2019inizio della legislatura. Un anno fa con un \u2018non paper\u2019 abbiamo chiesto di rimuovere l\u2019ostacolo delle super-multe e di ...<\/p>\n","protected":false},"author":1,"featured_media":11464,"comment_status":"open","ping_status":"open","sticky":false,"template":"","format":"standard","meta":{"footnotes":""},"categories":[572],"tags":[],"class_list":["post-11463","post","type-post","status-publish","format-standard","has-post-thumbnail","hentry","category-news"],"_links":{"self":[{"href":"https:\/\/radioitaliauno.it\/index.php?rest_route=\/wp\/v2\/posts\/11463","targetHints":{"allow":["GET"]}}],"collection":[{"href":"https:\/\/radioitaliauno.it\/index.php?rest_route=\/wp\/v2\/posts"}],"about":[{"href":"https:\/\/radioitaliauno.it\/index.php?rest_route=\/wp\/v2\/types\/post"}],"author":[{"embeddable":true,"href":"https:\/\/radioitaliauno.it\/index.php?rest_route=\/wp\/v2\/users\/1"}],"replies":[{"embeddable":true,"href":"https:\/\/radioitaliauno.it\/index.php?rest_route=%2Fwp%2Fv2%2Fcomments&post=11463"}],"version-history":[{"count":0,"href":"https:\/\/radioitaliauno.it\/index.php?rest_route=\/wp\/v2\/posts\/11463\/revisions"}],"wp:featuredmedia":[{"embeddable":true,"href":"https:\/\/radioitaliauno.it\/index.php?rest_route=\/wp\/v2\/media\/11464"}],"wp:attachment":[{"href":"https:\/\/radioitaliauno.it\/index.php?rest_route=%2Fwp%2Fv2%2Fmedia&parent=11463"}],"wp:term":[{"taxonomy":"category","embeddable":true,"href":"https:\/\/radioitaliauno.it\/index.php?rest_route=%2Fwp%2Fv2%2Fcategories&post=11463"},{"taxonomy":"post_tag","embeddable":true,"href":"https:\/\/radioitaliauno.it\/index.php?rest_route=%2Fwp%2Fv2%2Ftags&post=11463"}],"curies":[{"name":"wp","href":"https:\/\/api.w.org\/{rel}","templated":true}]}}