{"id":11470,"date":"2025-09-30T16:50:02","date_gmt":"2025-09-30T14:50:02","guid":{"rendered":"https:\/\/radioitaliauno.it\/?p=11470"},"modified":"2025-09-30T16:50:02","modified_gmt":"2025-09-30T14:50:02","slug":"gaza-trump-hamas-dovra-accettare-laccordo","status":"publish","type":"post","link":"https:\/\/radioitaliauno.it\/?p=11470","title":{"rendered":"Gaza, Trump \u201cHamas dovr\u00e0 accettare l\u2019accordo\u201d"},"content":{"rendered":"<p><img fetchpriority=\"high\" decoding=\"async\" width=\"1200\" height=\"800\" src=\"https:\/\/www.italpress.com\/wp-content\/uploads\/2025\/09\/20250930_1837.jpg\" class=\"webfeedsFeaturedVisual wp-post-image\" alt=\"Gaza, Trump \u201cHamas dovr\u00e0 accettare l\u2019accordo\u201d\" title=\"Gaza, Trump \u201cHamas dovr\u00e0 accettare l\u2019accordo\u201d\" srcset=\"https:\/\/www.italpress.com\/wp-content\/uploads\/2025\/09\/20250930_1837.jpg 1200w, https:\/\/www.italpress.com\/wp-content\/uploads\/2025\/09\/20250930_1837-300x200.jpg 300w, https:\/\/www.italpress.com\/wp-content\/uploads\/2025\/09\/20250930_1837-1024x683.jpg 1024w, https:\/\/www.italpress.com\/wp-content\/uploads\/2025\/09\/20250930_1837-768x512.jpg 768w, https:\/\/www.italpress.com\/wp-content\/uploads\/2025\/09\/20250930_1837-696x464.jpg 696w, https:\/\/www.italpress.com\/wp-content\/uploads\/2025\/09\/20250930_1837-1068x712.jpg 1068w, https:\/\/www.italpress.com\/wp-content\/uploads\/2025\/09\/20250930_1837-630x420.jpg 630w\" sizes=\"(max-width: 1200px) 100vw, 1200px\"><\/p>\n<p>ROMA (ITALPRESS) \u2013 \u201cIn nove mesi alla Casa Bianca ho risolto sette guerre, forse ieri la pi\u00f9 grande\u2026\u201d. Lo ha detto il presidente degli Stati Uniti, Donald Trump, parlando ai vertici militari a Quantico, in Virginia, riferendosi al Medio Oriente.<br \/>\u201cHamas dovr\u00e0 accettare. Se non lo far\u00e0, sar\u00e0 molto dura per loro\u201d, ha proseguito.<br \/>Pi\u00f9 in generale, Trump ha sottolineato: \u201cDobbiamo sperare di non usare mai le armi nucleari ma dobbiamo averle. Speriamo di non doverle mai usare\u201d.<br \/>\u201cSiamo stati minacciati per un breve tempo dalla Russia, ho inviato un sottomarino nucleare, siamo 25 anni davanti rispetto a Russia e Cina nella tecnologia sui sottomarini, ma ci stanno raggiungendo\u201d, ha aggiunto.<\/p>\n<p>\u2013 Foto IPA Agency \u2013<\/p>\n<p>(ITALPRESS).<\/p>\n","protected":false},"excerpt":{"rendered":"<p>ROMA (ITALPRESS) \u2013 \u201cIn nove mesi alla Casa Bianca ho risolto sette guerre, forse ieri la pi\u00f9 grande\u2026\u201d. Lo ha detto il presidente degli Stati Uniti, Donald Trump, parlando ai vertici militari a Quantico, in Virginia, riferendosi al Medio Oriente.\u201cHamas dovr\u00e0 accettare. Se non lo far\u00e0, sar\u00e0 molto dura per ...<\/p>\n","protected":false},"author":1,"featured_media":11471,"comment_status":"open","ping_status":"open","sticky":false,"template":"","format":"standard","meta":{"footnotes":""},"categories":[572],"tags":[],"class_list":["post-11470","post","type-post","status-publish","format-standard","has-post-thumbnail","hentry","category-news"],"_links":{"self":[{"href":"https:\/\/radioitaliauno.it\/index.php?rest_route=\/wp\/v2\/posts\/11470","targetHints":{"allow":["GET"]}}],"collection":[{"href":"https:\/\/radioitaliauno.it\/index.php?rest_route=\/wp\/v2\/posts"}],"about":[{"href":"https:\/\/radioitaliauno.it\/index.php?rest_route=\/wp\/v2\/types\/post"}],"author":[{"embeddable":true,"href":"https:\/\/radioitaliauno.it\/index.php?rest_route=\/wp\/v2\/users\/1"}],"replies":[{"embeddable":true,"href":"https:\/\/radioitaliauno.it\/index.php?rest_route=%2Fwp%2Fv2%2Fcomments&post=11470"}],"version-history":[{"count":0,"href":"https:\/\/radioitaliauno.it\/index.php?rest_route=\/wp\/v2\/posts\/11470\/revisions"}],"wp:featuredmedia":[{"embeddable":true,"href":"https:\/\/radioitaliauno.it\/index.php?rest_route=\/wp\/v2\/media\/11471"}],"wp:attachment":[{"href":"https:\/\/radioitaliauno.it\/index.php?rest_route=%2Fwp%2Fv2%2Fmedia&parent=11470"}],"wp:term":[{"taxonomy":"category","embeddable":true,"href":"https:\/\/radioitaliauno.it\/index.php?rest_route=%2Fwp%2Fv2%2Fcategories&post=11470"},{"taxonomy":"post_tag","embeddable":true,"href":"https:\/\/radioitaliauno.it\/index.php?rest_route=%2Fwp%2Fv2%2Ftags&post=11470"}],"curies":[{"name":"wp","href":"https:\/\/api.w.org\/{rel}","templated":true}]}}