{"id":11476,"date":"2025-09-30T14:20:02","date_gmt":"2025-09-30T12:20:02","guid":{"rendered":"https:\/\/radioitaliauno.it\/?p=11476"},"modified":"2025-09-30T14:20:02","modified_gmt":"2025-09-30T12:20:02","slug":"giorgetti-il-turismo-sostiene-il-pil-crescita-lineare","status":"publish","type":"post","link":"https:\/\/radioitaliauno.it\/?p=11476","title":{"rendered":"Giorgetti \u201cIl turismo sostiene il Pil, crescita lineare\u201d"},"content":{"rendered":"<p><img fetchpriority=\"high\" decoding=\"async\" width=\"850\" height=\"566\" src=\"https:\/\/www.italpress.com\/wp-content\/uploads\/2025\/09\/20250930_1047.jpg\" class=\"webfeedsFeaturedVisual wp-post-image\" alt=\"Giorgetti \u201cIl turismo sostiene il Pil, crescita lineare\u201d\" title=\"Giorgetti \u201cIl turismo sostiene il Pil, crescita lineare\u201d\" srcset=\"https:\/\/www.italpress.com\/wp-content\/uploads\/2025\/09\/20250930_1047.jpg 850w, https:\/\/www.italpress.com\/wp-content\/uploads\/2025\/09\/20250930_1047-300x200.jpg 300w, https:\/\/www.italpress.com\/wp-content\/uploads\/2025\/09\/20250930_1047-768x511.jpg 768w, https:\/\/www.italpress.com\/wp-content\/uploads\/2025\/09\/20250930_1047-696x463.jpg 696w, https:\/\/www.italpress.com\/wp-content\/uploads\/2025\/09\/20250930_1047-631x420.jpg 631w\" sizes=\"(max-width: 850px) 100vw, 850px\"><\/p>\n<p>ROMA (ITALPRESS) \u2013 \u201cIl turismo negli anni scorsi ha avuto un ruolo di stabilizzazione economica: a fronte delle difficolt\u00e0 sulle catene globali del valore che si sono ripercosse sul comparto della manifattura, il turismo ha sostenuto l\u2019andamento del Pil, registrando una crescita lineare. Questa tendenza \u00e8 confermata dai dati del 2025\u201d. Lo ha detto il ministro dell\u2019Economia, Giancarlo Giorgetti, intervenendo al Global Summit 2025. \u201cIn un quadro internazionale incerto, i soggiorni in Italia sono aumentati del 6,22% rispetto al 2024, con una crescita delle presenze sia italiane sia straniere\u201d, ha aggiunto.<br \/>Il ministro dell\u2019Economia ha poi ricordato come \u201csempre pi\u00f9 persone, proprio grazie al turismo, abbiano trovato nuove opportunit\u00e0 di lavoro. La priorit\u00e0 oggi \u00e8 lavorare sulla qualificazione del settore, sulla mobilitazione di investimenti pubblici e privati, per incrementare il valore aggiunto delle attivit\u00e0 turistiche\u201d. Per Giorgetti si deve puntare sugli \u201cinvestimenti infrastrutturali, in formazione, e in digitalizzazione\u201d.<br \/>(ITALPRESS).<br \/>-Foto: Ipa Agency-<\/p>\n","protected":false},"excerpt":{"rendered":"<p>ROMA (ITALPRESS) \u2013 \u201cIl turismo negli anni scorsi ha avuto un ruolo di stabilizzazione economica: a fronte delle difficolt\u00e0 sulle catene globali del valore che si sono ripercosse sul comparto della manifattura, il turismo ha sostenuto l\u2019andamento del Pil, registrando una crescita lineare. Questa tendenza \u00e8 confermata dai dati del ...<\/p>\n","protected":false},"author":1,"featured_media":11477,"comment_status":"open","ping_status":"open","sticky":false,"template":"","format":"standard","meta":{"footnotes":""},"categories":[572],"tags":[],"class_list":["post-11476","post","type-post","status-publish","format-standard","has-post-thumbnail","hentry","category-news"],"_links":{"self":[{"href":"https:\/\/radioitaliauno.it\/index.php?rest_route=\/wp\/v2\/posts\/11476","targetHints":{"allow":["GET"]}}],"collection":[{"href":"https:\/\/radioitaliauno.it\/index.php?rest_route=\/wp\/v2\/posts"}],"about":[{"href":"https:\/\/radioitaliauno.it\/index.php?rest_route=\/wp\/v2\/types\/post"}],"author":[{"embeddable":true,"href":"https:\/\/radioitaliauno.it\/index.php?rest_route=\/wp\/v2\/users\/1"}],"replies":[{"embeddable":true,"href":"https:\/\/radioitaliauno.it\/index.php?rest_route=%2Fwp%2Fv2%2Fcomments&post=11476"}],"version-history":[{"count":0,"href":"https:\/\/radioitaliauno.it\/index.php?rest_route=\/wp\/v2\/posts\/11476\/revisions"}],"wp:featuredmedia":[{"embeddable":true,"href":"https:\/\/radioitaliauno.it\/index.php?rest_route=\/wp\/v2\/media\/11477"}],"wp:attachment":[{"href":"https:\/\/radioitaliauno.it\/index.php?rest_route=%2Fwp%2Fv2%2Fmedia&parent=11476"}],"wp:term":[{"taxonomy":"category","embeddable":true,"href":"https:\/\/radioitaliauno.it\/index.php?rest_route=%2Fwp%2Fv2%2Fcategories&post=11476"},{"taxonomy":"post_tag","embeddable":true,"href":"https:\/\/radioitaliauno.it\/index.php?rest_route=%2Fwp%2Fv2%2Ftags&post=11476"}],"curies":[{"name":"wp","href":"https:\/\/api.w.org\/{rel}","templated":true}]}}