{"id":11488,"date":"2025-10-01T16:05:03","date_gmt":"2025-10-01T14:05:03","guid":{"rendered":"https:\/\/radioitaliauno.it\/?p=11488"},"modified":"2025-10-01T16:05:03","modified_gmt":"2025-10-01T14:05:03","slug":"esame-lille-per-gasperini-la-roma-non-sceglie-tra-europa-e-serie-a","status":"publish","type":"post","link":"https:\/\/radioitaliauno.it\/?p=11488","title":{"rendered":"Esame Lille per Gasperini \u201cLa Roma non sceglie tra Europa e Serie A\u201d"},"content":{"rendered":"<p><img fetchpriority=\"high\" decoding=\"async\" width=\"1200\" height=\"800\" src=\"https:\/\/www.italpress.com\/wp-content\/uploads\/2025\/10\/20251001_1927.jpg\" class=\"webfeedsFeaturedVisual wp-post-image\" alt=\"Esame Lille per Gasperini \u201cLa Roma non sceglie tra Europa e Serie A\u201d\" title=\"Esame Lille per Gasperini \u201cLa Roma non sceglie tra Europa e Serie A\u201d\" srcset=\"https:\/\/www.italpress.com\/wp-content\/uploads\/2025\/10\/20251001_1927.jpg 1200w, https:\/\/www.italpress.com\/wp-content\/uploads\/2025\/10\/20251001_1927-300x200.jpg 300w, https:\/\/www.italpress.com\/wp-content\/uploads\/2025\/10\/20251001_1927-1024x683.jpg 1024w, https:\/\/www.italpress.com\/wp-content\/uploads\/2025\/10\/20251001_1927-768x512.jpg 768w, https:\/\/www.italpress.com\/wp-content\/uploads\/2025\/10\/20251001_1927-696x464.jpg 696w, https:\/\/www.italpress.com\/wp-content\/uploads\/2025\/10\/20251001_1927-1068x712.jpg 1068w, https:\/\/www.italpress.com\/wp-content\/uploads\/2025\/10\/20251001_1927-630x420.jpg 630w\" sizes=\"(max-width: 1200px) 100vw, 1200px\"><\/p>\n<p>ROMA (ITALPRESS) \u2013 \u201c<em>Pi\u00f9 importante la coppa o il campionato? E\u2019 importante tutto, non si deve mai scartare nulla\u201d.<\/em> Gian Piero <strong>Gasperini<\/strong> non fa preferenze alla vigilia di <strong>Roma-Lille,<\/strong> match della seconda giornata di <strong>Europa League<\/strong>, in programma alle 18:45 di domani in un Olimpico strapieno. <em>\u201cLa Serie A \u00e8 fondamentale, l\u2019Europa altrettanto e c\u2019\u00e8 anche la Coppa Italia. Dobbiamo affrontare tutte le competizioni con l\u2019obiettivo di andare pi\u00f9 avanti possibile, senza fare delle scelte\u201d,<\/em> ha affermato il tecnico di Grugliasco che l\u2019Europa League l\u2019ha gi\u00e0 vinta sulla panchina dell\u2019Atalanta, chiudendo nello stesso anno al quarto posto in Serie A, con tanto di finale di Coppa Italia. Sono i tre obiettivi della Roma di quest\u2019anno, anche se Evan Ndicka, presente in conferenza stampa al fianco del suo allenatore, precisa come sia<em> \u201ctroppo presto per parlarne\u201d.<\/em><\/p>\n<p>Dopo la vittoria contro il Nizza, la Roma affronta un altro club francese. Il Lille ha 10 punti in Ligue 1 (3 in pi\u00f9 degli uomini di Haise), ma viene da due sconfitte di fila in campionato. \u201c<em>Affrontiamo un\u2019ottima squadra, molto dinamica e organizzata, che gioca in modo offensivo. Ha avuto un inizio di campionato con alcuni risultati non favorevoli, ma le prestazioni sono sempre state positive. Bisogner\u00e0 essere attenti e preparati\u201d<\/em>, \u00e8 l\u2019avviso di Gasperini che chiede un salto di qualit\u00e0 rispetto all\u2019ultima partita (vinta) contro il Verona. Nel post gara, domenica, il tecnico si \u00e8 soffermato sui recuperi di alcuni giocatori dopo l\u2019impegno europeo.<em> \u201cLa fatica non \u00e8 fisica, ma pu\u00f2 essere legata alle motivazioni<\/em> \u2013 ha precisato -. <em>Non \u00e8 facile uscire da partite come il derby, che toglie tante energie, o come dalla prima di Europa League. Il Verona ha avuto una reattivit\u00e0 superiore alla nostra. Aver fatto gol abbastanza in fretta pu\u00f2 aver condizionato, ma non ho mai pensato che ci fosse un problema fisico. Il problema \u00e8 quello di riuscire a rientrare nella gara, valutando bene l\u2019avversario\u201d<\/em>. Ai box ci sono ancora Dybala e Bailey:<em> \u201cNon \u00e8 usuale per me finire le partite con due centrocampisti messi come attaccanti, come successo nel derby e a Nizza. Ma in questo momento devo agire in questo modo\u201d,<\/em> ha aggiunto Gasperini.<\/p>\n<p>Domani ci saranno delle rotazioni, ma <strong>Ndicka<\/strong> (uscito per crampi domenica) si candida.<em> \u201cSto bene e mi sto allenando. Speriamo di essere pronti\u201d, l<\/em>e parole del leader di una difesa che ha incassato solamente due gol in stagione.<\/p>\n<p>\u2013 Foto Ipa Agency \u2013<\/p>\n<p>(ITALPRESS).<\/p>\n","protected":false},"excerpt":{"rendered":"<p>ROMA (ITALPRESS) \u2013 \u201cPi\u00f9 importante la coppa o il campionato? E\u2019 importante tutto, non si deve mai scartare nulla\u201d. Gian Piero Gasperini non fa preferenze alla vigilia di Roma-Lille, match della seconda giornata di Europa League, in programma alle 18:45 di domani in un Olimpico strapieno. \u201cLa Serie A \u00e8 ...<\/p>\n","protected":false},"author":1,"featured_media":11489,"comment_status":"open","ping_status":"open","sticky":false,"template":"","format":"standard","meta":{"footnotes":""},"categories":[572],"tags":[],"class_list":["post-11488","post","type-post","status-publish","format-standard","has-post-thumbnail","hentry","category-news"],"_links":{"self":[{"href":"https:\/\/radioitaliauno.it\/index.php?rest_route=\/wp\/v2\/posts\/11488","targetHints":{"allow":["GET"]}}],"collection":[{"href":"https:\/\/radioitaliauno.it\/index.php?rest_route=\/wp\/v2\/posts"}],"about":[{"href":"https:\/\/radioitaliauno.it\/index.php?rest_route=\/wp\/v2\/types\/post"}],"author":[{"embeddable":true,"href":"https:\/\/radioitaliauno.it\/index.php?rest_route=\/wp\/v2\/users\/1"}],"replies":[{"embeddable":true,"href":"https:\/\/radioitaliauno.it\/index.php?rest_route=%2Fwp%2Fv2%2Fcomments&post=11488"}],"version-history":[{"count":0,"href":"https:\/\/radioitaliauno.it\/index.php?rest_route=\/wp\/v2\/posts\/11488\/revisions"}],"wp:featuredmedia":[{"embeddable":true,"href":"https:\/\/radioitaliauno.it\/index.php?rest_route=\/wp\/v2\/media\/11489"}],"wp:attachment":[{"href":"https:\/\/radioitaliauno.it\/index.php?rest_route=%2Fwp%2Fv2%2Fmedia&parent=11488"}],"wp:term":[{"taxonomy":"category","embeddable":true,"href":"https:\/\/radioitaliauno.it\/index.php?rest_route=%2Fwp%2Fv2%2Fcategories&post=11488"},{"taxonomy":"post_tag","embeddable":true,"href":"https:\/\/radioitaliauno.it\/index.php?rest_route=%2Fwp%2Fv2%2Ftags&post=11488"}],"curies":[{"name":"wp","href":"https:\/\/api.w.org\/{rel}","templated":true}]}}