{"id":11592,"date":"2025-10-12T17:40:02","date_gmt":"2025-10-12T15:40:02","guid":{"rendered":"https:\/\/radioitaliauno.it\/?p=11592"},"modified":"2025-10-12T17:40:02","modified_gmt":"2025-10-12T15:40:02","slug":"mkhitaryan-inzaghi-fondamentale-per-linter-chivu-ha-un-gran-futuro","status":"publish","type":"post","link":"https:\/\/radioitaliauno.it\/?p=11592","title":{"rendered":"Mkhitaryan \u201cInzaghi fondamentale per l\u2019Inter, Chivu ha un gran futuro\u201d"},"content":{"rendered":"<p><img fetchpriority=\"high\" decoding=\"async\" width=\"1200\" height=\"801\" src=\"https:\/\/www.italpress.com\/wp-content\/uploads\/2025\/10\/20251012_1667.jpg\" class=\"webfeedsFeaturedVisual wp-post-image\" alt=\"Mkhitaryan \u201cInzaghi fondamentale per l\u2019Inter, Chivu ha un gran futuro\u201d\" title=\"Mkhitaryan \u201cInzaghi fondamentale per l\u2019Inter, Chivu ha un gran futuro\u201d\" srcset=\"https:\/\/www.italpress.com\/wp-content\/uploads\/2025\/10\/20251012_1667.jpg 1200w, https:\/\/www.italpress.com\/wp-content\/uploads\/2025\/10\/20251012_1667-300x200.jpg 300w, https:\/\/www.italpress.com\/wp-content\/uploads\/2025\/10\/20251012_1667-1024x684.jpg 1024w, https:\/\/www.italpress.com\/wp-content\/uploads\/2025\/10\/20251012_1667-768x513.jpg 768w, https:\/\/www.italpress.com\/wp-content\/uploads\/2025\/10\/20251012_1667-696x465.jpg 696w, https:\/\/www.italpress.com\/wp-content\/uploads\/2025\/10\/20251012_1667-1068x713.jpg 1068w, https:\/\/www.italpress.com\/wp-content\/uploads\/2025\/10\/20251012_1667-629x420.jpg 629w\" sizes=\"(max-width: 1200px) 100vw, 1200px\"><\/p>\n<p>ROMA (ITALPRESS) \u2013 Un lungo viaggio in giro per l\u2019Europa, diversi Paesi toccati, dall\u2019Ucraina all\u2019Italia, passando per Germania e Inghilterra, ma ancora tanta voglia di giocare. Ora Henrikh <strong>Mkhitaryan<\/strong> \u00e8 al quarto anno con la maglia dell<strong>\u2018Inter,<\/strong> una squadra che negli ultimi anni \u00e8 stabilmente tra le migliori d\u2019Italia e d\u2019Europa, grazie anche a un allenatore come Simone Inzaghi, da questa stagione sulla panchina dell\u2019Al-Hilal.<em> \u201cDi lui ho solo bei ricordi, se lo vedr\u00f2 lo riabbraccer\u00f2, gli ho mandato un messaggio quando \u00e8 andato in Arabia perch\u00e8 \u00e8 stato un allenatore fondamentale per questa Inter\u201d<\/em>, ha detto al<strong> Festival dello Sport di Trento<\/strong> il centrocampista nerazzurro.<\/p>\n<p>A livello personale, il centrocampista armeno spiega che il tecnico piacentino <em>\u201cmi ha dato una seconda giovinezza. L\u2019ho avuto tra i 33 e i 36 anni e mi faceva giocare quasi tutte le partite, mi ha fatto sentire importante\u201d. I<\/em>l rapporto tra Inzaghi e l\u2019Inter si \u00e8 chiuso dopo la finale di Monaco, con il 5-0 subito contro il Psg che, per Mkhitaryan, \u00e8 sia orgoglio che un trauma: <em>\u201cTutti e due i sentimenti sono forti. Sono orgoglioso perch\u00e8 la stagione \u00e8 stata molto lunga, ma in tre settimane abbiamo perso tre titoli. E\u2019 la regola del calcio. C\u2019\u00e8 rimpianto perch\u00e8 non siamo riusciti a vincere un trofeo dopo nove mesi di stagione, ed eravamo una squadra abituata a vincere\u201d<\/em>.<\/p>\n<p>Ora c\u2019\u00e8 Cristian Chivu, rumeno come l\u2019allenatore che lo ha lanciato nel calcio europeo, allo Shakhtar Donetsk, ovvero Mircea Lucescu:<em> \u201cLucescu \u00e8 stato davvero importante per me. Non direi che lui e Chivu si assomigliano, perch\u00e8 il calcio \u00e8 cambiato, da quando ero allo Shakthar ad oggi \u00e8 quasi un altro sport. Ma mi trovo benissimo con tutti e due ed \u00e8 la cosa pi\u00f9 importante. Chivu mi fa giocare meno? Non posso dimenticare che tra poco avr\u00f2 37 anni<\/em> \u2013 prosegue Mkhitaryan sull\u2019attuale allenatore nerazzurro \u2013 <em>La mia voglia di giocare \u00e8 tantissima, ma bisogna capire le scelte dell\u2019allenatore. Sono pronto ad aiutare la squadra anche giocando una partita a settimana. Io ne parlo benissimo, perch\u00e8 vedo un allenatore che vuole crescere e imparare ogni giorno e ha un grande futuro\u201d.<\/em> Tra le grandi figure che hanno caratterizzato la sua carriera c\u2019\u00e8 anche il suo ex procuratore, Mino Raiola:<em> \u201cNon era solo un rapporto di lavoro, \u00e8 stata una connessione come tra padre e figlio. Ci sono stati tanti episodi, tanti momenti tra noi due. Sapeva cosa volevo io, mi ha sempre aiutato e dato consigli. E\u2019 sempre stato affidabile, mi ha aiutato tantissimo\u201d<\/em>, \u00e8 il ricordo del centrocampista ex Roma.<\/p>\n<p>\u2013 Foto Ipa Agency \u2013<\/p>\n<p>(ITALPRESS).<\/p>\n","protected":false},"excerpt":{"rendered":"<p>ROMA (ITALPRESS) \u2013 Un lungo viaggio in giro per l\u2019Europa, diversi Paesi toccati, dall\u2019Ucraina all\u2019Italia, passando per Germania e Inghilterra, ma ancora tanta voglia di giocare. Ora Henrikh Mkhitaryan \u00e8 al quarto anno con la maglia dell\u2018Inter, una squadra che negli ultimi anni \u00e8 stabilmente tra le migliori d\u2019Italia e ...<\/p>\n","protected":false},"author":1,"featured_media":11593,"comment_status":"open","ping_status":"open","sticky":false,"template":"","format":"standard","meta":{"footnotes":""},"categories":[572],"tags":[],"class_list":["post-11592","post","type-post","status-publish","format-standard","has-post-thumbnail","hentry","category-news"],"_links":{"self":[{"href":"https:\/\/radioitaliauno.it\/index.php?rest_route=\/wp\/v2\/posts\/11592","targetHints":{"allow":["GET"]}}],"collection":[{"href":"https:\/\/radioitaliauno.it\/index.php?rest_route=\/wp\/v2\/posts"}],"about":[{"href":"https:\/\/radioitaliauno.it\/index.php?rest_route=\/wp\/v2\/types\/post"}],"author":[{"embeddable":true,"href":"https:\/\/radioitaliauno.it\/index.php?rest_route=\/wp\/v2\/users\/1"}],"replies":[{"embeddable":true,"href":"https:\/\/radioitaliauno.it\/index.php?rest_route=%2Fwp%2Fv2%2Fcomments&post=11592"}],"version-history":[{"count":0,"href":"https:\/\/radioitaliauno.it\/index.php?rest_route=\/wp\/v2\/posts\/11592\/revisions"}],"wp:featuredmedia":[{"embeddable":true,"href":"https:\/\/radioitaliauno.it\/index.php?rest_route=\/wp\/v2\/media\/11593"}],"wp:attachment":[{"href":"https:\/\/radioitaliauno.it\/index.php?rest_route=%2Fwp%2Fv2%2Fmedia&parent=11592"}],"wp:term":[{"taxonomy":"category","embeddable":true,"href":"https:\/\/radioitaliauno.it\/index.php?rest_route=%2Fwp%2Fv2%2Fcategories&post=11592"},{"taxonomy":"post_tag","embeddable":true,"href":"https:\/\/radioitaliauno.it\/index.php?rest_route=%2Fwp%2Fv2%2Ftags&post=11592"}],"curies":[{"name":"wp","href":"https:\/\/api.w.org\/{rel}","templated":true}]}}