{"id":11598,"date":"2025-10-12T14:10:03","date_gmt":"2025-10-12T12:10:03","guid":{"rendered":"https:\/\/radioitaliauno.it\/?p=11598"},"modified":"2025-10-12T14:10:03","modified_gmt":"2025-10-12T12:10:03","slug":"riflettori-sulle-isole-minori-protagoniste-per-tre-giorni-a-lipari","status":"publish","type":"post","link":"https:\/\/radioitaliauno.it\/?p=11598","title":{"rendered":"Riflettori sulle isole minori, protagoniste per tre giorni a Lipari"},"content":{"rendered":"<p><img fetchpriority=\"high\" decoding=\"async\" width=\"700\" height=\"619\" src=\"https:\/\/www.italpress.com\/wp-content\/uploads\/2025\/10\/20251012_0357.jpg\" class=\"webfeedsFeaturedVisual wp-post-image\" alt=\"Riflettori sulle isole minori, protagoniste per tre giorni a Lipari\" title=\"Riflettori sulle isole minori, protagoniste per tre giorni a Lipari\" srcset=\"https:\/\/www.italpress.com\/wp-content\/uploads\/2025\/10\/20251012_0357.jpg 700w, https:\/\/www.italpress.com\/wp-content\/uploads\/2025\/10\/20251012_0357-300x265.jpg 300w, https:\/\/www.italpress.com\/wp-content\/uploads\/2025\/10\/20251012_0357-696x615.jpg 696w, https:\/\/www.italpress.com\/wp-content\/uploads\/2025\/10\/20251012_0357-475x420.jpg 475w\" sizes=\"(max-width: 700px) 100vw, 700px\"><\/p>\n<p>LIPARI (MESSINA) (ITALPRESS) \u2013 <strong>Dal 10 al 12 ottobre l\u2019isola di Lipari \u00e8 stata protagonista degli \u201cStati Generali delle isole minori marine\u201d<\/strong> organizzati dal ministro per la protezione civile e le politiche del mare Nello Musumeci. Una tre giorni che ha visto il coinvolgimento di numerosi esponenti delle diverse realt\u00e0 insulari, dai sindaci alle associazioni di categorie operanti in diversi settori, dal turismo ai trasporti alla tutela ambientale. L\u2019obiettivo era accendere i riflettori sulle problematiche che accomunano le diverse isole minori italiane e riflettere sulle strategie da adottare per mitigare le ricadute negative e permettere alle comunit\u00e0 locali di esprimere tutte le loro potenzialit\u00e0.<\/p>\n<p>I problemi principali evidenziati sono stati principalmente le difficolt\u00e0 nei collegamenti con le isole maggiori e la terraferma, spopolamento, criticit\u00e0 nei servizi essenziali, minor possibilit\u00e0 di sviluppo per le imprese locali. Sul tema dei collegamenti si \u00e8 soffermato in particolare il viceministro alle infrastrutture e trasporti Edoardo <strong>Rixi,<\/strong> sottolineando che <em>\u201cdobbiamo trovare il modo di individuare approdi che abbiano dei coefficienti standard: capacit\u00e0 di rifornimento, altezza della banchina, protezione a mare. Non possiamo avere isole dove puoi andare solo con qualche tipologia di imbarcazione perch\u00e8 altre non ci possono andare\u201d<\/em>. Ma, ha detto,<em> \u201cdobbiamo anche rivedere la flotta traghetti che \u00e8 la pi\u00f9 numerosa e una delle pi\u00f9 complesse al mondo. Oggi il 55% degli approdi delle isole minori non \u00e8 in grado di far attraccare una nave con mare a forza 5\u201d.<\/em><\/p>\n<p>Sul tema del rinnovo del naviglio si sono fatti sentire anche gli armatori. Tra questi il direttore generale di Confitarma Luca <strong>Sisto:<\/strong> <em>\u201cla ascoltiamo l\u2019associazione quando faremo il draft del nuovo decreto flotte o lo vedremo gi\u00e0 scritto? Non conosco armatori che rinunciano a un contributo pubblico per rinnovare la propria flotta: evidentemente quel decreto flotte \u00e8 stato scritto male, ma allora scriviamolo meglio\u201d.<\/em><\/p>\n<p>Per meglio aiutare le realt\u00e0 locali, il presidente della commissione vigilanza anagrafe tributaria della Camera Maurizio Casasco ha suggerito<em> \u201cuna politica fiscale intelligente: solo cos\u00ec possiamo pensare non solo a un\u2019assistenza in termini di una fiscalit\u00e0 generalizzata che pure deve esserci specifica, ma anche quella dell\u2019attrattivit\u00e0 degli investimenti e quindi dell\u2019opportunit\u00e0 per i giovani di rimanere o di ritornare\u201d e anche \u201cuna ZES per le isole minori con una fiscalit\u00e0 e una normativa specifica\u201d.<\/em><\/p>\n<p>Il ministro per gli affari europei, politiche di coesione e Pnrr Tommaso <strong>Foti<\/strong> ha invece sottolineato come le isole minori non siano state trascurate in termini di risorse con <em>\u201c978 progetti e un impegno di spesa di 508 milioni di euro di cui 446,5 finanziati dal PNRR\u201d.<\/em><\/p>\n<p>Da parte sua il ministro per gli Affari regionali e le autonomie Roberto <strong>Calderoli<\/strong> si \u00e8 augurato che <em>\u201centro una quindicina di giorni il disegno di legge sulle isole minori diventi realt\u00e0. Abbiamo un p\u00f2 meno di due anni alla fine della legislatura. I tempi per potercela fare ci sono e se non ce la facciamo la colpa sar\u00e0 solo nostra\u201d.<\/em><\/p>\n<p>Al termine dei lavori il ministro Musumeci ha apprezzato la riuscita degli stati generali, dando appuntamento per la primavera del 2027. Numerosi gli interventi alla tre giorni, fra cui anche quelli dei ministri Fitto, Giuli, Nordio, Piantedosi, Schillaci, Ciriani, Santanch\u00e8 e Pichetto Fratin, e del premier Giorgia Meloni (con un videomessaggio). <em>\u201cSperiamo che le proposte domani possano diventare azione anche con il coinvolgimento delle opposizioni che in una democrazia compiuta sono un lievito essenziale\u201d<\/em>, ha concluso <strong>Musumeci.<\/strong><\/p>\n<p>Fonte foto: IPA<\/p>\n<p>(ITALPRESS).<\/p>\n","protected":false},"excerpt":{"rendered":"<p>LIPARI (MESSINA) (ITALPRESS) \u2013 Dal 10 al 12 ottobre l\u2019isola di Lipari \u00e8 stata protagonista degli \u201cStati Generali delle isole minori marine\u201d organizzati dal ministro per la protezione civile e le politiche del mare Nello Musumeci. Una tre giorni che ha visto il coinvolgimento di numerosi esponenti delle diverse realt\u00e0 ...<\/p>\n","protected":false},"author":1,"featured_media":11599,"comment_status":"open","ping_status":"open","sticky":false,"template":"","format":"standard","meta":{"footnotes":""},"categories":[572],"tags":[],"class_list":["post-11598","post","type-post","status-publish","format-standard","has-post-thumbnail","hentry","category-news"],"_links":{"self":[{"href":"https:\/\/radioitaliauno.it\/index.php?rest_route=\/wp\/v2\/posts\/11598","targetHints":{"allow":["GET"]}}],"collection":[{"href":"https:\/\/radioitaliauno.it\/index.php?rest_route=\/wp\/v2\/posts"}],"about":[{"href":"https:\/\/radioitaliauno.it\/index.php?rest_route=\/wp\/v2\/types\/post"}],"author":[{"embeddable":true,"href":"https:\/\/radioitaliauno.it\/index.php?rest_route=\/wp\/v2\/users\/1"}],"replies":[{"embeddable":true,"href":"https:\/\/radioitaliauno.it\/index.php?rest_route=%2Fwp%2Fv2%2Fcomments&post=11598"}],"version-history":[{"count":0,"href":"https:\/\/radioitaliauno.it\/index.php?rest_route=\/wp\/v2\/posts\/11598\/revisions"}],"wp:featuredmedia":[{"embeddable":true,"href":"https:\/\/radioitaliauno.it\/index.php?rest_route=\/wp\/v2\/media\/11599"}],"wp:attachment":[{"href":"https:\/\/radioitaliauno.it\/index.php?rest_route=%2Fwp%2Fv2%2Fmedia&parent=11598"}],"wp:term":[{"taxonomy":"category","embeddable":true,"href":"https:\/\/radioitaliauno.it\/index.php?rest_route=%2Fwp%2Fv2%2Fcategories&post=11598"},{"taxonomy":"post_tag","embeddable":true,"href":"https:\/\/radioitaliauno.it\/index.php?rest_route=%2Fwp%2Fv2%2Ftags&post=11598"}],"curies":[{"name":"wp","href":"https:\/\/api.w.org\/{rel}","templated":true}]}}