{"id":11614,"date":"2025-10-14T15:15:03","date_gmt":"2025-10-14T13:15:03","guid":{"rendered":"https:\/\/radioitaliauno.it\/?p=11614"},"modified":"2025-10-14T15:15:03","modified_gmt":"2025-10-14T13:15:03","slug":"nasce-la-filiera-tabacchicola-italiana-a-tutela-del-made-in-italy","status":"publish","type":"post","link":"https:\/\/radioitaliauno.it\/?p=11614","title":{"rendered":"Nasce la Filiera Tabacchicola Italiana a tutela del Made in Italy"},"content":{"rendered":"<p><img fetchpriority=\"high\" decoding=\"async\" width=\"1200\" height=\"900\" src=\"https:\/\/www.italpress.com\/wp-content\/uploads\/2025\/10\/20251014_1836.jpg\" class=\"webfeedsFeaturedVisual wp-post-image\" alt=\"Nasce la Filiera Tabacchicola Italiana a tutela del Made in Italy\" title=\"Nasce la Filiera Tabacchicola Italiana a tutela del Made in Italy\" srcset=\"https:\/\/www.italpress.com\/wp-content\/uploads\/2025\/10\/20251014_1836.jpg 1200w, https:\/\/www.italpress.com\/wp-content\/uploads\/2025\/10\/20251014_1836-300x225.jpg 300w, https:\/\/www.italpress.com\/wp-content\/uploads\/2025\/10\/20251014_1836-1024x768.jpg 1024w, https:\/\/www.italpress.com\/wp-content\/uploads\/2025\/10\/20251014_1836-768x576.jpg 768w, https:\/\/www.italpress.com\/wp-content\/uploads\/2025\/10\/20251014_1836-80x60.jpg 80w, https:\/\/www.italpress.com\/wp-content\/uploads\/2025\/10\/20251014_1836-265x198.jpg 265w, https:\/\/www.italpress.com\/wp-content\/uploads\/2025\/10\/20251014_1836-696x522.jpg 696w, https:\/\/www.italpress.com\/wp-content\/uploads\/2025\/10\/20251014_1836-1068x801.jpg 1068w, https:\/\/www.italpress.com\/wp-content\/uploads\/2025\/10\/20251014_1836-560x420.jpg 560w\" sizes=\"(max-width: 1200px) 100vw, 1200px\"><\/p>\n<p>ROMA (ITALPRESS) \u2013 Nasce la \u201cFiliera Tabacchicola Italiana\u201d, una nuova organizzazione che si inserisce nel pi\u00f9 ampio progetto di Filiera Italia, il modello di collaborazione tra produzione agricola italiana, rappresentata da Coldiretti, industria e distribuzione per tutelare e promuovere il Made in Italy agroalimentare.<br \/>La Filiera \u00e8 stata presentata in occasione del XXIII Forum Internazionale dell\u2019Agricoltura e dell\u2019Alimentazione, promosso da Coldiretti. A guidarla sar\u00e0 Cesare Trippella, direttore Eu Value Chain &amp; External Engagement di Philip Morris Italia, nominato presidente.<br \/>\u201cRingrazio Coldiretti e Filiera Italia per la fiducia che mi \u00e8 stata accordata con questa nomina \u2013 ha detto Cesare Trippella -. E\u2019 un onore rappresentare un settore che unisce tradizione e capacit\u00e0 di innovare. Lavoreremo per dare continuit\u00e0 e forza economica agli agricoltori, sostenendo la transizione verso modelli sempre pi\u00f9 innovativi e sostenibili\u201d.<br \/>La costituzione di \u201cFiliera Tabacchicola Italiana\u201d mira a promuovere innovazione e a rafforzare la competitivit\u00e0 del settore a livello internazionale. Un impegno che consolida il ruolo dell\u2019Italia come principale produttore di tabacco dell\u2019Unione Europea.<br \/>\u201cIl settore del tabacco rappresenta un modello virtuoso di collaborazione tra agricoltura e industria\u201d, ha commentato Luigi Scordamaglia, amministratore delegato di Filiera Italia.<br \/>\u201cL\u2019accordo di filiera tra Coldiretti e Philip Morris, avviato nel 2011 e recentemente rinnovato fino al 2034, garantisce continuit\u00e0, investimenti e prospettive di crescita a lungo termine \u2013 ha proseguito -. Si tratta di un\u2019intesa che non si limita a definire volumi di acquisto, ma che promuove concretamente l\u2019innovazione digitale, la sostenibilit\u00e0 ambientale e la redditivit\u00e0 delle imprese agricole. Siamo orgogliosi di accogliere questa esperienza all\u2019interno di Filiera Italia, perch\u00e8 rappresenta un esempio concreto di come le sinergie tra mondo agricolo e industriale possano generare valore per l\u2019intero Paese e offrire un modello replicabile anche in altri settori\u201d.<br \/>A partire dai primi anni 2000, Philip Morris Italia ha sviluppato un innovativo modello di filiera verticalmente integrato, che rappresenta oggi un punto di riferimento a livello nazionale e internazionale. Dal 2011, l\u2019azienda ha sottoscritto con il Ministero dell\u2019Agricoltura e Coldiretti una serie di accordi di filiera volti a migliorare la prevedibilit\u00e0 commerciale, e la competitivit\u00e0 alla filiera tabacchicola italiana, promuovendo pratiche produttive attente all\u2019impatto ambientale e sociale, in linea con gli impegni condivisi tra le parti. Questi accordi pluriennali, recentemente rinnovati con un inedito orizzonte temporale di dieci anni, hanno generato investimenti complessivi nel settore agricolo per oltre 3 miliardi di euro. Non solo investimenti, ma anche innovazione, sostenibilit\u00e0 ambientale e digitale e formazione per favorire il ricambio generazionale.<br \/>\u201cQuesto governo ha dato attenzione alla filiera del tabacco, dobbiamo dare supporto a questo settore \u2013 ha concluso Patrizio Giacomo La Pietra, sottosegretario all\u2019Agricoltura, Sovranit\u00e0 Alimentare e Foreste -. Il protocollo \u00e8 estremamente importante perch\u00e8 non si parla solo di quantit\u00e0 e di tempo, ma si parla di innovazione, formazione, c\u2019\u00e8 un\u2019attenzione particolare ad un settore molto importante. Questi accordi sono fondamentali, la linea che Coldiretti ha iniziato con Filiera Italia \u00e8 importante, questo tipo di accordi sono degli esempi virtuosi che devono essere riportati anche in altre filiere\u201d.<\/p>\n<p>\u2013 Foto xc3\/Italpress \u2013<\/p>\n<p>(ITALPRESS).<\/p>\n","protected":false},"excerpt":{"rendered":"<p>ROMA (ITALPRESS) \u2013 Nasce la \u201cFiliera Tabacchicola Italiana\u201d, una nuova organizzazione che si inserisce nel pi\u00f9 ampio progetto di Filiera Italia, il modello di collaborazione tra produzione agricola italiana, rappresentata da Coldiretti, industria e distribuzione per tutelare e promuovere il Made in Italy agroalimentare.La Filiera \u00e8 stata presentata in occasione ...<\/p>\n","protected":false},"author":1,"featured_media":11615,"comment_status":"open","ping_status":"open","sticky":false,"template":"","format":"standard","meta":{"footnotes":""},"categories":[572],"tags":[],"class_list":["post-11614","post","type-post","status-publish","format-standard","has-post-thumbnail","hentry","category-news"],"_links":{"self":[{"href":"https:\/\/radioitaliauno.it\/index.php?rest_route=\/wp\/v2\/posts\/11614","targetHints":{"allow":["GET"]}}],"collection":[{"href":"https:\/\/radioitaliauno.it\/index.php?rest_route=\/wp\/v2\/posts"}],"about":[{"href":"https:\/\/radioitaliauno.it\/index.php?rest_route=\/wp\/v2\/types\/post"}],"author":[{"embeddable":true,"href":"https:\/\/radioitaliauno.it\/index.php?rest_route=\/wp\/v2\/users\/1"}],"replies":[{"embeddable":true,"href":"https:\/\/radioitaliauno.it\/index.php?rest_route=%2Fwp%2Fv2%2Fcomments&post=11614"}],"version-history":[{"count":0,"href":"https:\/\/radioitaliauno.it\/index.php?rest_route=\/wp\/v2\/posts\/11614\/revisions"}],"wp:featuredmedia":[{"embeddable":true,"href":"https:\/\/radioitaliauno.it\/index.php?rest_route=\/wp\/v2\/media\/11615"}],"wp:attachment":[{"href":"https:\/\/radioitaliauno.it\/index.php?rest_route=%2Fwp%2Fv2%2Fmedia&parent=11614"}],"wp:term":[{"taxonomy":"category","embeddable":true,"href":"https:\/\/radioitaliauno.it\/index.php?rest_route=%2Fwp%2Fv2%2Fcategories&post=11614"},{"taxonomy":"post_tag","embeddable":true,"href":"https:\/\/radioitaliauno.it\/index.php?rest_route=%2Fwp%2Fv2%2Ftags&post=11614"}],"curies":[{"name":"wp","href":"https:\/\/api.w.org\/{rel}","templated":true}]}}