{"id":11638,"date":"2025-10-16T16:05:02","date_gmt":"2025-10-16T14:05:02","guid":{"rendered":"https:\/\/radioitaliauno.it\/?p=11638"},"modified":"2025-10-16T16:05:02","modified_gmt":"2025-10-16T14:05:02","slug":"aurelia-bis-in-liguria-anas-riaffida-i-lavori-senza-una-nuova-gara","status":"publish","type":"post","link":"https:\/\/radioitaliauno.it\/?p=11638","title":{"rendered":"Aurelia Bis, in Liguria Anas riaffida i lavori senza una nuova gara"},"content":{"rendered":"<p><img fetchpriority=\"high\" decoding=\"async\" width=\"1024\" height=\"576\" src=\"https:\/\/www.italpress.com\/wp-content\/uploads\/2025\/10\/20251016_5090.jpg\" class=\"webfeedsFeaturedVisual wp-post-image\" alt=\"Aurelia Bis, in Liguria Anas riaffida i lavori senza una nuova gara\" title=\"Aurelia Bis, in Liguria Anas riaffida i lavori senza una nuova gara\" srcset=\"https:\/\/www.italpress.com\/wp-content\/uploads\/2025\/10\/20251016_5090.jpg 1024w, https:\/\/www.italpress.com\/wp-content\/uploads\/2025\/10\/20251016_5090-300x169.jpg 300w, https:\/\/www.italpress.com\/wp-content\/uploads\/2025\/10\/20251016_5090-768x432.jpg 768w, https:\/\/www.italpress.com\/wp-content\/uploads\/2025\/10\/20251016_5090-696x392.jpg 696w, https:\/\/www.italpress.com\/wp-content\/uploads\/2025\/10\/20251016_5090-747x420.jpg 747w\" sizes=\"(max-width: 1024px) 100vw, 1024px\"><\/p>\n<p>GENOVA (ITALPRESS) \u2013 Prima revocare l\u2019appalto, poi riaffidare i lavori dell\u2019Aurelia bis alle aziende gi\u00e0 sotto contratto o alla seconda classificata in fase di gara, senza una nuova gara, in attesa della pronuncia del Tribunale in merito all\u2019istanza di concordato in bianco da parte dell\u2019impresa Ici. E\u2019 la soluzione individuata da Anas e dal viceministro ai Trasporti Edoardo Rixi in una riunione che si \u00e8 tenuta oggi a Genova insieme al commissario straordinario di governo Matteo Castiglioni e ai sindaci dei Comuni interessati. La ripartenza del cantiere, fermo da mesi, \u00e8 prevista per l\u2019inizio del 2026. <br \/>\u201cProcederemo con modalit\u00e0 diverse \u2013 ha spiegato l\u2019Amministratore Delegato di Anas Claudio Andrea Gemme -. Su Savona sicuramente avremo la possibilit\u00e0 di accedere agli accordi quadro che esistono per dare esecuzione ai lavori che mancano. Sulla Spezia andremo a traguardare la seconda impresa che aveva partecipato al bando. Vorremmo velocizzare le attivit\u00e0 ed evitare un\u2019ulteriore azione di appalto\u201d. Intanto verranno attivati due tavoli tecnici col territorio. \u201cIl riavvio \u00e8 possibile nei primi mesi dell\u2019anno prossimo \u2013 ha detto Rixi -. La data di consegna viene traslata sostanzialmente di un anno e mezzo. E\u2019 evidente che questo stop, dovuto alle difficolt\u00e0 che l\u2019azienda appaltatrice ha avuto nell\u2019ultimo anno, ha creato un ritardo che si cercher\u00e0 di superare anche con accelerazioni sui cantieri, ma \u00e8 fondamentale a questo punto non perdere pi\u00f9 tempo e da subito\u201d. <br \/>\u201cLe tempistiche le decide il giudice \u2013 ha precisato l\u2019ad di Anas -. Noi stiamo preparando delle memorie che porteremo in tribunale il 24 ottobre, quindi a brevissimo, e che ci consentiranno di avere poi un percorso, secondo noi, pi\u00f9 breve possibile per revocare poi il contratto. Questa \u00e8 l\u2019unica possibilit\u00e0 che abbiamo per dare continuit\u00e0 al lavoro\u201d. <br \/>\u201cHo dovuto sottolineare la necessit\u00e0 che i territori abbiano rassicurazioni sullo sviluppo di un\u2019opera che ormai \u00e8 diventata un p\u00f2 lo zimbello del nostro territorio \u2013 ha commentato Marco Russo, sindaco di Savona -. Abbiamo chiesto di realizzare delle opere di mitigazione dell\u2019impatto del cantiere sui nostri quartieri. Secondo, chiediamo di mantenere un tavolo aperto di aggiornamento e di monitoraggio. Ci \u00e8 stato anche chiesto di fare sorveglianza nel cantiere per segnalare se ci saranno ritardi quando subentrer\u00e0 la nuova la nuova impresa\u201d. <br \/>\u201cPurtroppo il sistema delle imprese italiane \u00e8 vittima di criticit\u00e0 importanti \u2013 ha aggiunto il sindaco della Spezia Pierluigi Peracchini -. Bisogna assolutamente correre, dove sar\u00e0 completato il primo lotto abbiamo il nuovo ospedale in costruzione. L\u2019opera \u00e8 assolutamente strategica perch\u00e8 collega la Val di Vara con la citt\u00e0, la Val di Magra e l\u2019asse autostradale. Questo percorso ci porter\u00e0 ad affrontare velocemente la ripresa dei lavori, speriamo che si concludano il prima possibile\u201d.<\/p>\n<p>\u2013 foto xa8\/Italpress \u2013<br \/>(ITALPRESS).<\/p>\n","protected":false},"excerpt":{"rendered":"<p>GENOVA (ITALPRESS) \u2013 Prima revocare l\u2019appalto, poi riaffidare i lavori dell\u2019Aurelia bis alle aziende gi\u00e0 sotto contratto o alla seconda classificata in fase di gara, senza una nuova gara, in attesa della pronuncia del Tribunale in merito all\u2019istanza di concordato in bianco da parte dell\u2019impresa Ici. E\u2019 la soluzione individuata ...<\/p>\n","protected":false},"author":1,"featured_media":11639,"comment_status":"open","ping_status":"open","sticky":false,"template":"","format":"standard","meta":{"footnotes":""},"categories":[572],"tags":[],"class_list":["post-11638","post","type-post","status-publish","format-standard","has-post-thumbnail","hentry","category-news"],"_links":{"self":[{"href":"https:\/\/radioitaliauno.it\/index.php?rest_route=\/wp\/v2\/posts\/11638","targetHints":{"allow":["GET"]}}],"collection":[{"href":"https:\/\/radioitaliauno.it\/index.php?rest_route=\/wp\/v2\/posts"}],"about":[{"href":"https:\/\/radioitaliauno.it\/index.php?rest_route=\/wp\/v2\/types\/post"}],"author":[{"embeddable":true,"href":"https:\/\/radioitaliauno.it\/index.php?rest_route=\/wp\/v2\/users\/1"}],"replies":[{"embeddable":true,"href":"https:\/\/radioitaliauno.it\/index.php?rest_route=%2Fwp%2Fv2%2Fcomments&post=11638"}],"version-history":[{"count":0,"href":"https:\/\/radioitaliauno.it\/index.php?rest_route=\/wp\/v2\/posts\/11638\/revisions"}],"wp:featuredmedia":[{"embeddable":true,"href":"https:\/\/radioitaliauno.it\/index.php?rest_route=\/wp\/v2\/media\/11639"}],"wp:attachment":[{"href":"https:\/\/radioitaliauno.it\/index.php?rest_route=%2Fwp%2Fv2%2Fmedia&parent=11638"}],"wp:term":[{"taxonomy":"category","embeddable":true,"href":"https:\/\/radioitaliauno.it\/index.php?rest_route=%2Fwp%2Fv2%2Fcategories&post=11638"},{"taxonomy":"post_tag","embeddable":true,"href":"https:\/\/radioitaliauno.it\/index.php?rest_route=%2Fwp%2Fv2%2Ftags&post=11638"}],"curies":[{"name":"wp","href":"https:\/\/api.w.org\/{rel}","templated":true}]}}