{"id":11660,"date":"2025-10-18T13:05:02","date_gmt":"2025-10-18T11:05:02","guid":{"rendered":"https:\/\/radioitaliauno.it\/?p=11660"},"modified":"2025-10-18T13:05:02","modified_gmt":"2025-10-18T11:05:02","slug":"allegri-leao-pronto-per-tornare-protagonista-nkunku-in-forse","status":"publish","type":"post","link":"https:\/\/radioitaliauno.it\/?p=11660","title":{"rendered":"Allegri \u201cLeao pronto per tornare protagonista, Nkunku in forse\u201d"},"content":{"rendered":"<p><img fetchpriority=\"high\" decoding=\"async\" width=\"1200\" height=\"800\" src=\"https:\/\/www.italpress.com\/wp-content\/uploads\/2025\/10\/20251018_0782.jpg\" class=\"webfeedsFeaturedVisual wp-post-image\" alt=\"Allegri \u201cLeao pronto per tornare protagonista, Nkunku in forse\u201d\" title=\"Allegri \u201cLeao pronto per tornare protagonista, Nkunku in forse\u201d\" srcset=\"https:\/\/www.italpress.com\/wp-content\/uploads\/2025\/10\/20251018_0782.jpg 1200w, https:\/\/www.italpress.com\/wp-content\/uploads\/2025\/10\/20251018_0782-300x200.jpg 300w, https:\/\/www.italpress.com\/wp-content\/uploads\/2025\/10\/20251018_0782-1024x683.jpg 1024w, https:\/\/www.italpress.com\/wp-content\/uploads\/2025\/10\/20251018_0782-768x512.jpg 768w, https:\/\/www.italpress.com\/wp-content\/uploads\/2025\/10\/20251018_0782-696x464.jpg 696w, https:\/\/www.italpress.com\/wp-content\/uploads\/2025\/10\/20251018_0782-1068x712.jpg 1068w, https:\/\/www.italpress.com\/wp-content\/uploads\/2025\/10\/20251018_0782-630x420.jpg 630w\" sizes=\"(max-width: 1200px) 100vw, 1200px\"><\/p>\n<p>MILANO (ITALPRESS) \u2013 <strong>Massimiliano Allegri<\/strong> non vuole pensare ai giocatori assenti o in forse e non intende guardare indietro, in merito ai recenti infortuni. Il tecnico rossonero, <strong>alla vigilia del match di campionato, in casa, contro la Fiorentina<\/strong>, si gode e annuncia invece il \u201critorno da protagonista\u201d di Leao. Il portoghese sar\u00e0 sicuramente titolare contro i viola, con Nkunku ancora in dubbio (<em>\u201cHa questo alluce che gli d\u00e0 fastidio, domani vedremo\u201d<\/em>).<\/p>\n<p><em><strong>\u201cIeri abbiamo fatto il primo allenamento tutti insieme<\/strong>, dopo la sosta per la Nazionali. Da domani inizia un ciclo nuovo di cinque partite. E\u2019 un ciclo importante. Cominciamo contro la Fiorentina, che ha giocatori di ottima qualit\u00e0: dovremo stare molto attenti\u201d<\/em>, ha detto Allegri in conferenza stampa.<strong><em> \u201cQuesta settimana Leao, tornato dalla Nazionale, ha fatto bene. <\/em><\/strong><em>Ora credo che sia pronto per tornare a essere uno dei protagonisti. Lui ha qualit\u00e0 importanti: sono contento che sia tornato ad avere una condizione buona. <strong>Rabiot e Pulisic credo che saranno fuori fino alla prossima sosta.<\/strong> <strong>Estupinan \u00e8 out<\/strong> e domani non ci sar\u00e0. <strong>Saelemaekers invece si \u00e8 ripreso.<\/strong> Numericamente siamo un p\u00f2 meno rispetto al solito ma questo deve essere uno stimolo in pi\u00f9 a far bene per quelli che ci sono. Dovremo trovare le giuste soluzioni: a tutto c\u2019\u00e8 rimedio. Il calcio si \u00e8 evoluto e ora \u00e8 globalizzato: non possiamo tornare indietro\u201d<\/em>, ha precisato il tecnico rossonero.<\/p>\n<p><strong>Tornando su Leao<\/strong>, poi, ha affermato: \u201c<em><strong>Ha qualit\u00e0 tecniche straordinarie ma credo che vada lasciato giocare.<\/strong> Quello che conta \u00e8 semplice ed \u00e8 il campo. L\u00ec dentro c\u2019\u00e8 da fare la prestazione. Si fanno troppe parole intorno a Leao. E\u2019 un ragazzo d\u2019oro e ha voglia di fare; purtroppo l\u2019infortunio l\u2019ha fermato in avvio di stagione. Sta trovando una condizione buona e credo che far\u00e0 molto bene da qui in avanti. E\u2019 un campione? Questo lo vedremo a fine carriera\u201d.<\/em><\/p>\n<p><em>\u201cSe saremo pronti per vincere lo scudetto lo vedremo a maggio. Per ora conta soltanto fare punti e stare in una buona posizione in classifica. Con Pioli ho un bel rapporto. E\u2019 stato l\u2019ultimo allenatore a vincere lo scudetto al Milan e per questo gli rinnovo i miei complimenti. Sono certo che far\u00e0 un bel lavoro anche alla Fiorentina\u201d<\/em>, ha concluso Allegri.<\/p>\n<p>\u2013 foto Ipa Agency \u2013<br \/>\n(ITALPRESS).<\/p>\n","protected":false},"excerpt":{"rendered":"<p>MILANO (ITALPRESS) \u2013 Massimiliano Allegri non vuole pensare ai giocatori assenti o in forse e non intende guardare indietro, in merito ai recenti infortuni. Il tecnico rossonero, alla vigilia del match di campionato, in casa, contro la Fiorentina, si gode e annuncia invece il \u201critorno da protagonista\u201d di Leao. Il ...<\/p>\n","protected":false},"author":1,"featured_media":11661,"comment_status":"open","ping_status":"open","sticky":false,"template":"","format":"standard","meta":{"footnotes":""},"categories":[572],"tags":[],"class_list":["post-11660","post","type-post","status-publish","format-standard","has-post-thumbnail","hentry","category-news"],"_links":{"self":[{"href":"https:\/\/radioitaliauno.it\/index.php?rest_route=\/wp\/v2\/posts\/11660","targetHints":{"allow":["GET"]}}],"collection":[{"href":"https:\/\/radioitaliauno.it\/index.php?rest_route=\/wp\/v2\/posts"}],"about":[{"href":"https:\/\/radioitaliauno.it\/index.php?rest_route=\/wp\/v2\/types\/post"}],"author":[{"embeddable":true,"href":"https:\/\/radioitaliauno.it\/index.php?rest_route=\/wp\/v2\/users\/1"}],"replies":[{"embeddable":true,"href":"https:\/\/radioitaliauno.it\/index.php?rest_route=%2Fwp%2Fv2%2Fcomments&post=11660"}],"version-history":[{"count":0,"href":"https:\/\/radioitaliauno.it\/index.php?rest_route=\/wp\/v2\/posts\/11660\/revisions"}],"wp:featuredmedia":[{"embeddable":true,"href":"https:\/\/radioitaliauno.it\/index.php?rest_route=\/wp\/v2\/media\/11661"}],"wp:attachment":[{"href":"https:\/\/radioitaliauno.it\/index.php?rest_route=%2Fwp%2Fv2%2Fmedia&parent=11660"}],"wp:term":[{"taxonomy":"category","embeddable":true,"href":"https:\/\/radioitaliauno.it\/index.php?rest_route=%2Fwp%2Fv2%2Fcategories&post=11660"},{"taxonomy":"post_tag","embeddable":true,"href":"https:\/\/radioitaliauno.it\/index.php?rest_route=%2Fwp%2Fv2%2Ftags&post=11660"}],"curies":[{"name":"wp","href":"https:\/\/api.w.org\/{rel}","templated":true}]}}