{"id":13548,"date":"2026-04-28T11:25:03","date_gmt":"2026-04-28T09:25:03","guid":{"rendered":"https:\/\/radioitaliauno.it\/?p=13548"},"modified":"2026-04-28T11:25:03","modified_gmt":"2026-04-28T09:25:03","slug":"allergie-respiratorie-un-documento-per-ridurre-i-rischi","status":"publish","type":"post","link":"https:\/\/radioitaliauno.it\/?p=13548","title":{"rendered":"Allergie respiratorie, un documento per ridurre i rischi"},"content":{"rendered":"<p><img fetchpriority=\"high\" decoding=\"async\" width=\"1200\" height=\"675\" src=\"https:\/\/www.italpress.com\/wp-content\/uploads\/2026\/04\/20260428_0530.jpg\" class=\"webfeedsFeaturedVisual wp-post-image\" alt=\"Allergie respiratorie, un documento per ridurre i rischi\" title=\"Allergie respiratorie, un documento per ridurre i rischi\" srcset=\"https:\/\/www.italpress.com\/wp-content\/uploads\/2026\/04\/20260428_0530.jpg 1200w, https:\/\/www.italpress.com\/wp-content\/uploads\/2026\/04\/20260428_0530-300x169.jpg 300w, https:\/\/www.italpress.com\/wp-content\/uploads\/2026\/04\/20260428_0530-1024x576.jpg 1024w, https:\/\/www.italpress.com\/wp-content\/uploads\/2026\/04\/20260428_0530-768x432.jpg 768w, https:\/\/www.italpress.com\/wp-content\/uploads\/2026\/04\/20260428_0530-696x392.jpg 696w, https:\/\/www.italpress.com\/wp-content\/uploads\/2026\/04\/20260428_0530-1068x601.jpg 1068w, https:\/\/www.italpress.com\/wp-content\/uploads\/2026\/04\/20260428_0530-747x420.jpg 747w\" sizes=\"(max-width: 1200px) 100vw, 1200px\"><\/p>\n<p>ROMA (ITALPRESS) \u2013 In occasione della Giornata mondiale per la Salute e la Sicurezza sul Lavoro, le allergie respiratorie emergono come un tema sempre pi\u00f9 rilevante non solo sul piano clinico, ma anche in relazione alla sicurezza e alla performance nei contesti professionali.<br \/>Stanchezza, difficolt\u00e0 di concentrazione, disturbi del sonno sono solo alcune delle manifestazioni frequentemente associate a questa condizione, che in Italia interessa circa il 20% della popolazione \u2013 oltre 12 milioni di persone \u2013 e che continua a essere sottovalutata sia sul piano diagnostico sia terapeutico.<br \/>Si tratta di patologie croniche ad alta prevalenza, in progressivo aumento, con un impatto documentato sulla qualit\u00e0 della vita, sulla funzionalit\u00e0 quotidiana e sulla performance cognitiva, dal lavoro allo studio e a tutte quelle attivit\u00e0 che richiedono attenzione e lucidit\u00e0. A livello globale si stima che siano circa 600 milioni le persone coinvolte, mentre in Europa il costo complessivo, tra impatto sanitario ed economico, raggiunge i 30-50 miliardi di euro all\u2019anno.<br \/>In occasione dell\u2019evento promosso da Consumers\u2019 Forum, con il patrocinio di INPS, Associazione Italiana Ambiente e Sicurezza, Federfarma e Fenagifar, \u00e8 stato presentato il documento \u201cAllergie respiratorie e attenzione: strategie per ridurre i rischi invisibili\u201d realizzato grazie alla collaborazione tra Societ\u00e0 Italiana di Allergologia, Asma e Immunologia Clinica (SIAAIC), Associazione Nazionale Medici del Lavoro e Competenti (ANMA), FederAsma e Allergie, Consumers\u2019 Forum, clinici, ed esperti di INAIL per favorire un cambio di prospettiva: dalle allergie respiratorie come disturbo stagionale a una condizione che richiede diagnosi, gestione corretta e consapevolezza delle implicazioni di sintomi e terapie sulla vita quotidiana e professionale.<br \/>Un\u2019iniziativa di sensibilizzazione nata da un\u2019idea di Opella Healthcare Italy, in linea con la mission di promuovere un approccio alla salute sempre pi\u00f9 accessibile e consapevole, mettendo la salute nelle mani delle persone.<br \/>\u201cCon questo progetto vogliamo contribuire a rafforzare la consapevolezza sul legame tra gestione della salute e sicurezza nei contesti di vita e di lavoro \u2013 afferma Raka Sinha, General Manager Opella Italia \u2013 La nostra ambizione \u00e8 supportare le persone nell\u2019essere sempre pi\u00f9 protagoniste delle proprie scelte di salute, promuovendo un approccio informato e responsabile, in linea con la nostra mission Health. In your hands\u201d.<br \/>Le allergie respiratorie risultano ancora oggi sottodiagnosticate e frequentemente gestite in modo non appropriato: solo una quota limitata di pazienti accede a un percorso diagnostico, mentre circa il 50% non assume alcuna terapia o la utilizza in modo discontinuo.<br \/>\u201cLe allergie respiratorie rappresentano una condizione clinica ad alta prevalenza e ancora oggi ampiamente sottovalutata o gestita senza una reale consapevolezza, con un impatto significativo sulla qualit\u00e0 della vita, privata e professionale \u2013 osserva Mario Di Gioacchino, Past President SIAAIC \u2013 Negli ultimi anni, tuttavia, la ricerca ha portato allo sviluppo di opzioni terapeutiche pi\u00f9 evolute, come gli antistaminici di ultima generazione, caratterizzati da una sostenuta attivit\u00e0 farmacologica, con ridotta interazione a livello del sistema nervoso centrale. Questo consente di controllare efficacemente i sintomi limitando effetti collaterali clinicamente rilevanti, come la sedazione, e preservando i livelli di vigilanza. In questo scenario, diventa fondamentale promuovere un approccio basato su una diagnosi corretta sostenuta da metodiche up-to-date e una scelta terapeutica che miri non solo al sintomo ma che prenda in considerazione il paziente nella sua globalit\u00e0\u201d.<br \/>L\u2019incremento dei casi osservato negli ultimi anni \u00e8 attribuibile a determinanti ambientali quali cambiamenti climatici e inquinamento atmosferico, che influenzano sia la durata sia l\u2019intensit\u00e0 della stagione pollinica ed alla perdita di biodiversit\u00e0 che favorisce la sensibilizzazione allergica.<br \/>L\u2019allungamento dei periodi di esposizione \u2013 fino a oltre tre settimane aggiuntive \u2013 e la maggiore allergenicit\u00e0 dei pollini contribuiscono a una pi\u00f9 ampia e prolungata sintomatologia, con un significativo impatto sulla qualit\u00e0 della vita.<br \/>Accanto alla dimensione clinica, emerge con sempre maggiore evidenza il legame tra allergie respiratorie e funzione cognitiva. I dati indicano che fino al 61% dei pazienti presenta disturbi del sonno, con conseguente impatto su attenzione, tempi di reazione e performance nelle attivit\u00e0 quotidiane.<br \/>\u201cMolti pazienti con allergie respiratorie non seguono un percorso diagnostico e terapeutico adeguato, con ricadute rilevanti sulla qualit\u00e0 del sonno e la capacit\u00e0 di concentrazione \u2013 sottolinea Sandra Frateiacci, Vicepresidente FederAsma e Allergie -. E\u2019 importante considerare che la riduzione della vigilanza pu\u00f2 essere determinata sia dalla patologia sia da alcuni trattamenti con effetti sedativi di cui non tutti sono sempre consapevoli. Rafforzare il dialogo tra pazienti e professionisti della salute \u00e8 fondamentale per promuovere scelte terapeutiche pi\u00f9 consapevoli cos\u00ec come rendere l\u2019informazione sugli effetti sedativi dei farmaci pi\u00f9 accessibile. In questo senso abbiamo lanciato un\u2019iniziativa di raccolta firme che chiede l\u2019introduzione di un pittogramma sulle confezioni per segnalare in modo chiaro eventuali effetti sulla capacit\u00e0 di attenzione e di guida\u201d.<br \/>Una survey realizzata da AIAS tra marzo e aprile 2026 su un campione di 60 aziende italiane di diversi settori ad alta intensit\u00e0 operativa direttamente rappresentativi del<br \/>rischio \u2013 oltre la met\u00e0 delle quali di grandi dimensioni \u2013 evidenzia come il rapporto tra allergie respiratorie e contesto lavorativo sia ancora poco riconosciuto e raramente<br \/>tradotto in azioni strutturate. I risultati restituiscono infatti un paradosso: la consapevolezza del rischio esiste, ma non si \u00e8<br \/>ancora trasformata in misure concrete di prevenzione. Solo il 18% delle aziende ha inserito il tema nella valutazione dei rischi (DVR), mentre il 32% prevede una sorveglianza sanitaria<br \/>sistematica. Ancora pi\u00f9 limitata \u00e8 l\u2019attenzione agli effetti dei trattamenti: appena il 2% ha procedure formalizzate per la gestione dei farmaci sedativi, e circa l\u201980% delle aziende<br \/>non ha attivato alcuna iniziativa di sensibilizzazione sul tema.<br \/>\u201cAbbiamo voluto accendere i riflettori su un tema che riguarda non solo la salute, ma anche la sicurezza sul lavoro \u2013 afferma Furio Truzzi, Presidente Consumers\u2019 Forum \u2013 L\u2019obiettivo \u00e8 rafforzare l\u2019attenzione su un corretto utilizzo dei farmaci e sull\u2019impatto delle allergie respiratorie, in particolare nei contesti professionali che richiedono elevati livelli di attenzione come la guida dei mezzi e la conduzione di impianti particolarmente rischiosi, il lavoro in quota. In questo ambito, il documento presentato oggi propone anche strumenti concreti di informazione per il cittadino, come l\u2019introduzione di pittogrammi sulle confezioni dei farmaci che segnalino eventuali effetti sulla vigilanza, per favorire scelte pi\u00f9 consapevoli e contribuire alla riduzione dei rischi. Confidiamo ora in adesioni non formali di imprese e istituzioni al nostro lavoro e in particolare a una rinnovata attenzione del Parlamento e del Governo a un miglioramento del quadro legislativo e normativo\u201d. <\/p>\n<p>\u2013 Foto Consumers\u2019 Forum \u2013<\/p>\n<p>(ITALPRESS).<\/p>\n","protected":false},"excerpt":{"rendered":"<p>ROMA (ITALPRESS) \u2013 In occasione della Giornata mondiale per la Salute e la Sicurezza sul Lavoro, le allergie respiratorie emergono come un tema sempre pi\u00f9 rilevante non solo sul piano clinico, ma anche in relazione alla sicurezza e alla performance nei contesti professionali.Stanchezza, difficolt\u00e0 di concentrazione, disturbi del sonno sono ...<\/p>\n","protected":false},"author":1,"featured_media":13549,"comment_status":"open","ping_status":"open","sticky":false,"template":"","format":"standard","meta":{"footnotes":""},"categories":[572],"tags":[],"class_list":["post-13548","post","type-post","status-publish","format-standard","has-post-thumbnail","hentry","category-news"],"_links":{"self":[{"href":"https:\/\/radioitaliauno.it\/index.php?rest_route=\/wp\/v2\/posts\/13548","targetHints":{"allow":["GET"]}}],"collection":[{"href":"https:\/\/radioitaliauno.it\/index.php?rest_route=\/wp\/v2\/posts"}],"about":[{"href":"https:\/\/radioitaliauno.it\/index.php?rest_route=\/wp\/v2\/types\/post"}],"author":[{"embeddable":true,"href":"https:\/\/radioitaliauno.it\/index.php?rest_route=\/wp\/v2\/users\/1"}],"replies":[{"embeddable":true,"href":"https:\/\/radioitaliauno.it\/index.php?rest_route=%2Fwp%2Fv2%2Fcomments&post=13548"}],"version-history":[{"count":0,"href":"https:\/\/radioitaliauno.it\/index.php?rest_route=\/wp\/v2\/posts\/13548\/revisions"}],"wp:featuredmedia":[{"embeddable":true,"href":"https:\/\/radioitaliauno.it\/index.php?rest_route=\/wp\/v2\/media\/13549"}],"wp:attachment":[{"href":"https:\/\/radioitaliauno.it\/index.php?rest_route=%2Fwp%2Fv2%2Fmedia&parent=13548"}],"wp:term":[{"taxonomy":"category","embeddable":true,"href":"https:\/\/radioitaliauno.it\/index.php?rest_route=%2Fwp%2Fv2%2Fcategories&post=13548"},{"taxonomy":"post_tag","embeddable":true,"href":"https:\/\/radioitaliauno.it\/index.php?rest_route=%2Fwp%2Fv2%2Ftags&post=13548"}],"curies":[{"name":"wp","href":"https:\/\/api.w.org\/{rel}","templated":true}]}}