{"id":13560,"date":"2026-04-29T10:45:03","date_gmt":"2026-04-29T08:45:03","guid":{"rendered":"https:\/\/radioitaliauno.it\/?p=13560"},"modified":"2026-04-29T10:45:03","modified_gmt":"2026-04-29T08:45:03","slug":"von-der-leyen-conseguenze-del-conflitto-in-iran-per-mesi-o-anni","status":"publish","type":"post","link":"https:\/\/radioitaliauno.it\/?p=13560","title":{"rendered":"Von der Leyen \u201cConseguenze del conflitto In Iran per mesi o anni\u201d"},"content":{"rendered":"<p><img fetchpriority=\"high\" decoding=\"async\" width=\"830\" height=\"553\" src=\"https:\/\/www.italpress.com\/wp-content\/uploads\/2026\/04\/20260429_0201.jpg\" class=\"webfeedsFeaturedVisual wp-post-image\" alt=\"Von der Leyen \u201cConseguenze del conflitto In Iran per mesi o anni\u201d\" title=\"Von der Leyen \u201cConseguenze del conflitto In Iran per mesi o anni\u201d\" srcset=\"https:\/\/www.italpress.com\/wp-content\/uploads\/2026\/04\/20260429_0201.jpg 830w, https:\/\/www.italpress.com\/wp-content\/uploads\/2026\/04\/20260429_0201-300x200.jpg 300w, https:\/\/www.italpress.com\/wp-content\/uploads\/2026\/04\/20260429_0201-768x512.jpg 768w, https:\/\/www.italpress.com\/wp-content\/uploads\/2026\/04\/20260429_0201-696x464.jpg 696w, https:\/\/www.italpress.com\/wp-content\/uploads\/2026\/04\/20260429_0201-630x420.jpg 630w\" sizes=\"(max-width: 830px) 100vw, 830px\"><\/p>\n<p>STRASBURGO (FRANCIA) (ITALPRESS) \u2013 \u201cSono trascorsi esattamente due mesi dall\u2019inizio della nuova guerra in Medio Oriente e finalmente stiamo assistendo a una tregua dopo settimane di violenza. Tutti noi desideriamo che il cessate il fuoco in Iran e in Libano regga, con l\u2019obiettivo finale di ristabilire la pace e la stabilit\u00e0 attraverso mezzi diplomatici. Il nostro obiettivo comune \u00e8 ora quello di vedere una fine duratura alla guerra. Ci\u00f2 include il ripristino della piena e permanente libert\u00e0 di navigazione nello Stretto di Hormuz senza pedaggi. E\u2019 altrettanto chiaro che qualsiasi accordo di pace dovr\u00e0 affrontare il programma nucleare e missilistico balistico iraniano\u201d. Cos\u00ec la presidente della Commissione europea, Ursula von der Leyen, nel suo intervento nella plenaria del Parlamento europeo. <br \/>\u201cMa c\u2019\u00e8 anche una dura realt\u00e0 che tutti dobbiamo affrontare: le conseguenze di questo conflitto potrebbero farsi sentire per mesi o addirittura anni a venire. Per questo motivo \u2013 ha aggiunto \u2013 l\u2019energia era in cima all\u2019agenda informale del Consiglio di Cooperazione dell\u2019Unione Europea. Questa \u00e8 la seconda grande crisi energetica nel breve arco di quattro anni. La lezione dovrebbe essere chiara a tutti: in un mondo turbolento come il nostro, non possiamo assolutamente dipendere eccessivamente dalle importazioni di energia\u201d.<br \/>(ITALPRESS).<br \/>-Foto: Ipa Agency-<\/p>\n","protected":false},"excerpt":{"rendered":"<p>STRASBURGO (FRANCIA) (ITALPRESS) \u2013 \u201cSono trascorsi esattamente due mesi dall\u2019inizio della nuova guerra in Medio Oriente e finalmente stiamo assistendo a una tregua dopo settimane di violenza. Tutti noi desideriamo che il cessate il fuoco in Iran e in Libano regga, con l\u2019obiettivo finale di ristabilire la pace e la ...<\/p>\n","protected":false},"author":1,"featured_media":13561,"comment_status":"open","ping_status":"open","sticky":false,"template":"","format":"standard","meta":{"footnotes":""},"categories":[572],"tags":[],"class_list":["post-13560","post","type-post","status-publish","format-standard","has-post-thumbnail","hentry","category-news"],"_links":{"self":[{"href":"https:\/\/radioitaliauno.it\/index.php?rest_route=\/wp\/v2\/posts\/13560","targetHints":{"allow":["GET"]}}],"collection":[{"href":"https:\/\/radioitaliauno.it\/index.php?rest_route=\/wp\/v2\/posts"}],"about":[{"href":"https:\/\/radioitaliauno.it\/index.php?rest_route=\/wp\/v2\/types\/post"}],"author":[{"embeddable":true,"href":"https:\/\/radioitaliauno.it\/index.php?rest_route=\/wp\/v2\/users\/1"}],"replies":[{"embeddable":true,"href":"https:\/\/radioitaliauno.it\/index.php?rest_route=%2Fwp%2Fv2%2Fcomments&post=13560"}],"version-history":[{"count":0,"href":"https:\/\/radioitaliauno.it\/index.php?rest_route=\/wp\/v2\/posts\/13560\/revisions"}],"wp:featuredmedia":[{"embeddable":true,"href":"https:\/\/radioitaliauno.it\/index.php?rest_route=\/wp\/v2\/media\/13561"}],"wp:attachment":[{"href":"https:\/\/radioitaliauno.it\/index.php?rest_route=%2Fwp%2Fv2%2Fmedia&parent=13560"}],"wp:term":[{"taxonomy":"category","embeddable":true,"href":"https:\/\/radioitaliauno.it\/index.php?rest_route=%2Fwp%2Fv2%2Fcategories&post=13560"},{"taxonomy":"post_tag","embeddable":true,"href":"https:\/\/radioitaliauno.it\/index.php?rest_route=%2Fwp%2Fv2%2Ftags&post=13560"}],"curies":[{"name":"wp","href":"https:\/\/api.w.org\/{rel}","templated":true}]}}